{"id":1357,"date":"2024-05-14T15:36:53","date_gmt":"2024-05-14T15:36:53","guid":{"rendered":"https:\/\/cooperacioninternacional.usac.edu.gt\/?p=1357"},"modified":"2024-05-27T19:16:18","modified_gmt":"2024-05-27T19:16:18","slug":"conferencia-internacional-de-liderazgo-ils-de-ieee-women-in-engineeringieee-organizado-por-ieee-seccion-guatemala","status":"publish","type":"post","link":"https:\/\/cooperacioninternacional.usac.edu.gt\/?p=1357","title":{"rendered":"Conferencia Internacional de Liderazgo -ILS- de IEEE Women in EngineeringIEEE ; organizado por IEEE Secci\u00f3n Guatemala ."},"content":{"rendered":"\n[et_pb_section][et_pb_row][et_pb_column type=\u00bb4_4&#8243;][et_pb_text]<!-- divi:paragraph -->\n<p>Recientemente se llev\u00f3 a cabo en Ciudad de Guatemala la Conferencia Internacional de Liderazgo -ILS- de <a href=\"https:\/\/www.facebook.com\/ieeewomeninengineering?__cft__[0]=AZVwHdPY3gNd9kwUzFr24aRkMKmyA2NJBNpeTPWBlxfCN-4WYbCJKyJ-O_sBJj7wLY0Hbu29U-PWc55LAAWU_6ow9TcV28jfXrDlpFzRXuGz2Z78tesbbYzP8GDwwPwZBNOIPOWpHWxK6VfRIdQY2Ew4EeZMMeZfnZHQGTcAGMBIKwxs4C478ka_SZKh02xYBsYorxRPMKxctvVa_1SrtLEv&amp;__tn__=-]K-R\">IEEE Women in Engineering<\/a><a href=\"https:\/\/www.facebook.com\/IEEE.org?__cft__[0]=AZVwHdPY3gNd9kwUzFr24aRkMKmyA2NJBNpeTPWBlxfCN-4WYbCJKyJ-O_sBJj7wLY0Hbu29U-PWc55LAAWU_6ow9TcV28jfXrDlpFzRXuGz2Z78tesbbYzP8GDwwPwZBNOIPOWpHWxK6VfRIdQY2Ew4EeZMMeZfnZHQGTcAGMBIKwxs4C478ka_SZKh02xYBsYorxRPMKxctvVa_1SrtLEv&amp;__tn__=-]K-R\">IEEE<\/a> ; organizado por <a href=\"https:\/\/www.facebook.com\/profile.php?id=100064831059165&amp;__cft__[0]=AZVwHdPY3gNd9kwUzFr24aRkMKmyA2NJBNpeTPWBlxfCN-4WYbCJKyJ-O_sBJj7wLY0Hbu29U-PWc55LAAWU_6ow9TcV28jfXrDlpFzRXuGz2Z78tesbbYzP8GDwwPwZBNOIPOWpHWxK6VfRIdQY2Ew4EeZMMeZfnZHQGTcAGMBIKwxs4C478ka_SZKh02xYBsYorxRPMKxctvVa_1SrtLEv&amp;__tn__=-]K-R\">IEEE Secci\u00f3n Guatemala<\/a> .<\/p>\n<!-- \/divi:paragraph -->\n\n<!-- divi:paragraph -->\n<p><img loading=\"lazy\" decoding=\"async\" height=\"16\" width=\"16\" alt=\"\ud83c\uddec\ud83c\uddf9\" src=\"https:\/\/static.xx.fbcdn.net\/images\/emoji.php\/v9\/t37\/1\/16\/1f1ec_1f1f9.png\"> La <a href=\"https:\/\/www.facebook.com\/UsacOficial?__cft__[0]=AZVwHdPY3gNd9kwUzFr24aRkMKmyA2NJBNpeTPWBlxfCN-4WYbCJKyJ-O_sBJj7wLY0Hbu29U-PWc55LAAWU_6ow9TcV28jfXrDlpFzRXuGz2Z78tesbbYzP8GDwwPwZBNOIPOWpHWxK6VfRIdQY2Ew4EeZMMeZfnZHQGTcAGMBIKwxs4C478ka_SZKh02xYBsYorxRPMKxctvVa_1SrtLEv&amp;__tn__=-]K-R\">Universidad de San Carlos de Guatemala<\/a> a trav\u00e9s de la <a href=\"https:\/\/www.facebook.com\/cooperacionUSAC?__cft__[0]=AZVwHdPY3gNd9kwUzFr24aRkMKmyA2NJBNpeTPWBlxfCN-4WYbCJKyJ-O_sBJj7wLY0Hbu29U-PWc55LAAWU_6ow9TcV28jfXrDlpFzRXuGz2Z78tesbbYzP8GDwwPwZBNOIPOWpHWxK6VfRIdQY2Ew4EeZMMeZfnZHQGTcAGMBIKwxs4C478ka_SZKh02xYBsYorxRPMKxctvVa_1SrtLEv&amp;__tn__=-]K-R\">Cooperaci\u00f3n y Relaciones Internacionales &#8211; USAC<\/a> apoy\u00f3 en la log\u00edstica del evento, adem\u00e1s, se gestionaron 10 becas a estudiantes para que se capacitaran en materia de ciencia, tecnolog\u00eda, innovaci\u00f3n y liderazgo al lado de <a><\/a>profesionales internacionales y nacionales con trayectoria en carreras STEM.<\/p>\n<!-- \/divi:paragraph -->\n\n<!-- divi:paragraph -->\n<p><img loading=\"lazy\" decoding=\"async\" height=\"16\" width=\"16\" alt=\"\ud83d\udc81\ud83c\udffb\u200d\u2640\ufe0f\" src=\"https:\/\/static.xx.fbcdn.net\/images\/emoji.php\/v9\/tae\/1\/16\/1f481_1f3fb_200d_2640.png\"><img loading=\"lazy\" decoding=\"async\" height=\"16\" width=\"16\" alt=\"\ud83d\ude4b\ud83c\udffd\u200d\u2640\ufe0f\" src=\"https:\/\/static.xx.fbcdn.net\/images\/emoji.php\/v9\/te7\/1\/16\/1f64b_1f3fd_200d_2640.png\"> Entre las ponentes del evento participaron dos reconocidas mujeres por su aporte a la ciencia; M.A. Mayra Villatoro, profesora de la <a href=\"https:\/\/www.facebook.com\/profile.php?id=100089459060403&amp;__cft__[0]=AZVwHdPY3gNd9kwUzFr24aRkMKmyA2NJBNpeTPWBlxfCN-4WYbCJKyJ-O_sBJj7wLY0Hbu29U-PWc55LAAWU_6ow9TcV28jfXrDlpFzRXuGz2Z78tesbbYzP8GDwwPwZBNOIPOWpHWxK6VfRIdQY2Ew4EeZMMeZfnZHQGTcAGMBIKwxs4C478ka_SZKh02xYBsYorxRPMKxctvVa_1SrtLEv&amp;__tn__=-]K-R\">Escuela de Ciencia Pol\u00edtica USAC-oficial<\/a> y la PhD. Mar\u00eda Eugenia Cabrera Catal\u00e1n de la <a href=\"https:\/\/www.facebook.com\/EcfmUsac?__cft__[0]=AZVwHdPY3gNd9kwUzFr24aRkMKmyA2NJBNpeTPWBlxfCN-4WYbCJKyJ-O_sBJj7wLY0Hbu29U-PWc55LAAWU_6ow9TcV28jfXrDlpFzRXuGz2Z78tesbbYzP8GDwwPwZBNOIPOWpHWxK6VfRIdQY2Ew4EeZMMeZfnZHQGTcAGMBIKwxs4C478ka_SZKh02xYBsYorxRPMKxctvVa_1SrtLEv&amp;__tn__=-]K-R\">Escuela de Ciencias F\u00edsicas y Matem\u00e1ticas, USAC<\/a><\/p>\n<!-- \/divi:paragraph -->\n\n<!-- divi:paragraph -->\n<p><img loading=\"lazy\" decoding=\"async\" height=\"16\" width=\"16\" alt=\"\ud83d\ude4c\ud83c\udffb\" src=\"https:\/\/static.xx.fbcdn.net\/images\/emoji.php\/v9\/tb8\/1\/16\/1f64c_1f3fb.png\"> La sinergia entre los organizadores fue esencial para el \u00e9xito del evento, agradecemos la responsabilidad y disponibilidad de las voluntarias de la ECP que con compromiso apoyaron durante el evento; llevando a la pr\u00e1ctica la diplomacia y las competencias interculturales.<\/p>\n<!-- \/divi:paragraph -->\n\n<!-- divi:paragraph -->\n<p><img loading=\"lazy\" decoding=\"async\" height=\"16\" width=\"16\" alt=\"\ud83c\udf0e\" src=\"https:\/\/static.xx.fbcdn.net\/images\/emoji.php\/v9\/tc0\/1\/16\/1f30e.png\"> Seguriemos trabajando por ampliar espacios acad\u00e9micos que permitan a nuestra comunidad sancarlista vivir experiencias globales.<\/p>\n<!-- \/divi:paragraph -->\n\n<!-- divi:image {\"id\":1359,\"sizeSlug\":\"large\",\"linkDestination\":\"none\"} -->\n<figure class=\"wp-block-image size-large\"><img loading=\"lazy\" decoding=\"async\" width=\"1024\" height=\"810\" src=\"https:\/\/cooperacioninternacional.usac.edu.gt\/wp-content\/uploads\/2024\/05\/440941052_903259601604396_8424180431733931941_n-1024x810.jpg\" alt=\"\" class=\"wp-image-1359\" srcset=\"https:\/\/cooperacioninternacional.usac.edu.gt\/wp-content\/uploads\/2024\/05\/440941052_903259601604396_8424180431733931941_n-980x775.jpg 980w, https:\/\/cooperacioninternacional.usac.edu.gt\/wp-content\/uploads\/2024\/05\/440941052_903259601604396_8424180431733931941_n-480x380.jpg 480w\" sizes=\"(min-width: 0px) and (max-width: 480px) 480px, (min-width: 481px) and (max-width: 980px) 980px, (min-width: 981px) 1024px, 100vw\" \/><\/figure>\n<!-- \/divi:image -->\n\n<!-- divi:image {\"id\":1360,\"sizeSlug\":\"large\",\"linkDestination\":\"none\"} -->\n<figure class=\"wp-block-image size-large\"><img loading=\"lazy\" decoding=\"async\" width=\"1024\" height=\"576\" src=\"https:\/\/cooperacioninternacional.usac.edu.gt\/wp-content\/uploads\/2024\/05\/438302960_903268798270143_4485422892121724460_n-1024x576.jpg\" alt=\"\" class=\"wp-image-1360\" srcset=\"https:\/\/cooperacioninternacional.usac.edu.gt\/wp-content\/uploads\/2024\/05\/438302960_903268798270143_4485422892121724460_n-980x551.jpg 980w, https:\/\/cooperacioninternacional.usac.edu.gt\/wp-content\/uploads\/2024\/05\/438302960_903268798270143_4485422892121724460_n-480x270.jpg 480w\" sizes=\"(min-width: 0px) and (max-width: 480px) 480px, (min-width: 481px) and (max-width: 980px) 980px, (min-width: 981px) 1024px, 100vw\" \/><\/figure>\n<!-- \/divi:image -->\n\n<!-- divi:image {\"id\":1361,\"sizeSlug\":\"large\",\"linkDestination\":\"none\"} -->\n<figure class=\"wp-block-image size-large\"><img loading=\"lazy\" decoding=\"async\" width=\"1024\" height=\"683\" src=\"https:\/\/cooperacioninternacional.usac.edu.gt\/wp-content\/uploads\/2024\/05\/440487421_903268841603472_3098957617746637813_n-1024x683.jpg\" alt=\"\" class=\"wp-image-1361\" srcset=\"https:\/\/cooperacioninternacional.usac.edu.gt\/wp-content\/uploads\/2024\/05\/440487421_903268841603472_3098957617746637813_n-980x654.jpg 980w, https:\/\/cooperacioninternacional.usac.edu.gt\/wp-content\/uploads\/2024\/05\/440487421_903268841603472_3098957617746637813_n-480x320.jpg 480w\" sizes=\"(min-width: 0px) and (max-width: 480px) 480px, (min-width: 481px) and (max-width: 980px) 980px, (min-width: 981px) 1024px, 100vw\" \/><\/figure>\n<!-- \/divi:image -->\n\n<!-- divi:image {\"id\":1362,\"width\":\"948px\",\"height\":\"auto\",\"sizeSlug\":\"large\",\"linkDestination\":\"none\"} -->\n<figure class=\"wp-block-image size-large is-resized\"><img loading=\"lazy\" decoding=\"async\" width=\"1024\" height=\"1024\" src=\"https:\/\/cooperacioninternacional.usac.edu.gt\/wp-content\/uploads\/2024\/05\/Mesa-de-trabajo-1-1024x1024.png\" alt=\"\" class=\"wp-image-1362\" style=\"width:948px;height:auto\" srcset=\"https:\/\/cooperacioninternacional.usac.edu.gt\/wp-content\/uploads\/2024\/05\/Mesa-de-trabajo-1-1024x1024.png 1024w, https:\/\/cooperacioninternacional.usac.edu.gt\/wp-content\/uploads\/2024\/05\/Mesa-de-trabajo-1-980x980.png 980w, https:\/\/cooperacioninternacional.usac.edu.gt\/wp-content\/uploads\/2024\/05\/Mesa-de-trabajo-1-480x480.png 480w\" sizes=\"(min-width: 0px) and (max-width: 480px) 480px, (min-width: 481px) and (max-width: 980px) 980px, (min-width: 981px) 1024px, 100vw\" \/><\/figure>\n<!-- \/divi:image -->\n\n<!-- divi:image {\"id\":1363,\"sizeSlug\":\"large\",\"linkDestination\":\"none\"} -->\n<figure class=\"wp-block-image size-large\"><img loading=\"lazy\" decoding=\"async\" width=\"1024\" height=\"1024\" src=\"https:\/\/cooperacioninternacional.usac.edu.gt\/wp-content\/uploads\/2024\/05\/Mesa-de-trabajo-8-1024x1024.png\" alt=\"\" class=\"wp-image-1363\" srcset=\"https:\/\/cooperacioninternacional.usac.edu.gt\/wp-content\/uploads\/2024\/05\/Mesa-de-trabajo-8-1024x1024.png 1024w, https:\/\/cooperacioninternacional.usac.edu.gt\/wp-content\/uploads\/2024\/05\/Mesa-de-trabajo-8-980x980.png 980w, https:\/\/cooperacioninternacional.usac.edu.gt\/wp-content\/uploads\/2024\/05\/Mesa-de-trabajo-8-480x480.png 480w\" sizes=\"(min-width: 0px) and (max-width: 480px) 480px, (min-width: 481px) and (max-width: 980px) 980px, (min-width: 981px) 1024px, 100vw\" \/><\/figure>\n<!-- \/divi:image -->\n\n<!-- divi:image {\"id\":1364,\"sizeSlug\":\"large\",\"linkDestination\":\"none\"} -->\n<figure class=\"wp-block-image size-large\"><img loading=\"lazy\" decoding=\"async\" width=\"1024\" height=\"1024\" src=\"https:\/\/cooperacioninternacional.usac.edu.gt\/wp-content\/uploads\/2024\/05\/Mesa-de-trabajo-9-1024x1024.png\" alt=\"\" class=\"wp-image-1364\" srcset=\"https:\/\/cooperacioninternacional.usac.edu.gt\/wp-content\/uploads\/2024\/05\/Mesa-de-trabajo-9-1024x1024.png 1024w, https:\/\/cooperacioninternacional.usac.edu.gt\/wp-content\/uploads\/2024\/05\/Mesa-de-trabajo-9-980x980.png 980w, https:\/\/cooperacioninternacional.usac.edu.gt\/wp-content\/uploads\/2024\/05\/Mesa-de-trabajo-9-480x480.png 480w\" sizes=\"(min-width: 0px) and (max-width: 480px) 480px, (min-width: 481px) and (max-width: 980px) 980px, (min-width: 981px) 1024px, 100vw\" \/><\/figure>\n<!-- \/divi:image -->[\/et_pb_text][\/et_pb_column][\/et_pb_row][\/et_pb_section]\n","protected":false},"excerpt":{"rendered":"<p><div class=\"et_pb_section et_pb_section_0 et_section_regular\" >\n\t\t\t\t\n\t\t\t\t\n\t\t\t\t\n\t\t\t\t\n\t\t\t\t\n\t\t\t\t\n\t\t\t\t\n\t\t\t\t\n\t\t\t\t\n\t\t\t<\/div><div class=\"et_pb_row et_pb_row_0 et_pb_row_empty\">\n\t\t\t\t\n\t\t\t\t\n\t\t\t\t\n\t\t\t\t\n\t\t\t\t\n\t\t\t<\/div><div class=\"et_pb_module et_pb_text et_pb_text_0  et_pb_text_align_left et_pb_bg_layout_light\">\n\t\t\t\t\n\t\t\t\t\n\t\t\t\t\n\t\t\t\t\n\t\t\t\t\n\t\t\t<\/div> Recientemente se llev\u00f3 a cabo en Ciudad de Guatemala la Conferencia Internacional de Liderazgo -ILS- de IEEE Women in EngineeringIEEE ; organizado por IEEE Secci\u00f3n Guatemala . La Universidad de San Carlos de Guatemala a trav\u00e9s de la Cooperaci\u00f3n y Relaciones Internacionales &#8211; USAC apoy\u00f3 en la log\u00edstica del evento, adem\u00e1s, se gestionaron 10 [&hellip;]<\/p>\n","protected":false},"author":5,"featured_media":1388,"comment_status":"open","ping_status":"open","sticky":true,"template":"","format":"standard","meta":{"_et_pb_use_builder":"on","_et_pb_old_content":"<!-- wp:paragraph -->\n<p>Recientemente se llev\u00f3 a cabo en Ciudad de Guatemala la Conferencia Internacional de Liderazgo -ILS- de <a href=\"https:\/\/www.facebook.com\/ieeewomeninengineering?__cft__[0]=AZVwHdPY3gNd9kwUzFr24aRkMKmyA2NJBNpeTPWBlxfCN-4WYbCJKyJ-O_sBJj7wLY0Hbu29U-PWc55LAAWU_6ow9TcV28jfXrDlpFzRXuGz2Z78tesbbYzP8GDwwPwZBNOIPOWpHWxK6VfRIdQY2Ew4EeZMMeZfnZHQGTcAGMBIKwxs4C478ka_SZKh02xYBsYorxRPMKxctvVa_1SrtLEv&amp;__tn__=-]K-R\">IEEE Women in Engineering<\/a><a href=\"https:\/\/www.facebook.com\/IEEE.org?__cft__[0]=AZVwHdPY3gNd9kwUzFr24aRkMKmyA2NJBNpeTPWBlxfCN-4WYbCJKyJ-O_sBJj7wLY0Hbu29U-PWc55LAAWU_6ow9TcV28jfXrDlpFzRXuGz2Z78tesbbYzP8GDwwPwZBNOIPOWpHWxK6VfRIdQY2Ew4EeZMMeZfnZHQGTcAGMBIKwxs4C478ka_SZKh02xYBsYorxRPMKxctvVa_1SrtLEv&amp;__tn__=-]K-R\">IEEE<\/a> ; organizado por <a href=\"https:\/\/www.facebook.com\/profile.php?id=100064831059165&amp;__cft__[0]=AZVwHdPY3gNd9kwUzFr24aRkMKmyA2NJBNpeTPWBlxfCN-4WYbCJKyJ-O_sBJj7wLY0Hbu29U-PWc55LAAWU_6ow9TcV28jfXrDlpFzRXuGz2Z78tesbbYzP8GDwwPwZBNOIPOWpHWxK6VfRIdQY2Ew4EeZMMeZfnZHQGTcAGMBIKwxs4C478ka_SZKh02xYBsYorxRPMKxctvVa_1SrtLEv&amp;__tn__=-]K-R\">IEEE Secci\u00f3n Guatemala<\/a> .<\/p>\n<!-- \/wp:paragraph -->\n\n<!-- wp:paragraph -->\n<p><img height=\"16\" width=\"16\" alt=\"\ud83c\uddec\ud83c\uddf9\" src=\"https:\/\/static.xx.fbcdn.net\/images\/emoji.php\/v9\/t37\/1\/16\/1f1ec_1f1f9.png\"> La <a href=\"https:\/\/www.facebook.com\/UsacOficial?__cft__[0]=AZVwHdPY3gNd9kwUzFr24aRkMKmyA2NJBNpeTPWBlxfCN-4WYbCJKyJ-O_sBJj7wLY0Hbu29U-PWc55LAAWU_6ow9TcV28jfXrDlpFzRXuGz2Z78tesbbYzP8GDwwPwZBNOIPOWpHWxK6VfRIdQY2Ew4EeZMMeZfnZHQGTcAGMBIKwxs4C478ka_SZKh02xYBsYorxRPMKxctvVa_1SrtLEv&amp;__tn__=-]K-R\">Universidad de San Carlos de Guatemala<\/a> a trav\u00e9s de la <a href=\"https:\/\/www.facebook.com\/cooperacionUSAC?__cft__[0]=AZVwHdPY3gNd9kwUzFr24aRkMKmyA2NJBNpeTPWBlxfCN-4WYbCJKyJ-O_sBJj7wLY0Hbu29U-PWc55LAAWU_6ow9TcV28jfXrDlpFzRXuGz2Z78tesbbYzP8GDwwPwZBNOIPOWpHWxK6VfRIdQY2Ew4EeZMMeZfnZHQGTcAGMBIKwxs4C478ka_SZKh02xYBsYorxRPMKxctvVa_1SrtLEv&amp;__tn__=-]K-R\">Cooperaci\u00f3n y Relaciones Internacionales - USAC<\/a> apoy\u00f3 en la log\u00edstica del evento, adem\u00e1s, se gestionaron 10 becas a estudiantes para que se capacitaran en materia de ciencia, tecnolog\u00eda, innovaci\u00f3n y liderazgo al lado de <a><\/a>profesionales internacionales y nacionales con trayectoria en carreras STEM.<\/p>\n<!-- \/wp:paragraph -->\n\n<!-- wp:paragraph -->\n<p><img height=\"16\" width=\"16\" alt=\"\ud83d\udc81\ud83c\udffb\u200d\u2640\ufe0f\" src=\"https:\/\/static.xx.fbcdn.net\/images\/emoji.php\/v9\/tae\/1\/16\/1f481_1f3fb_200d_2640.png\"><img height=\"16\" width=\"16\" alt=\"\ud83d\ude4b\ud83c\udffd\u200d\u2640\ufe0f\" src=\"https:\/\/static.xx.fbcdn.net\/images\/emoji.php\/v9\/te7\/1\/16\/1f64b_1f3fd_200d_2640.png\"> Entre las ponentes del evento participaron dos reconocidas mujeres por su aporte a la ciencia; M.A. Mayra Villatoro, profesora de la <a href=\"https:\/\/www.facebook.com\/profile.php?id=100089459060403&amp;__cft__[0]=AZVwHdPY3gNd9kwUzFr24aRkMKmyA2NJBNpeTPWBlxfCN-4WYbCJKyJ-O_sBJj7wLY0Hbu29U-PWc55LAAWU_6ow9TcV28jfXrDlpFzRXuGz2Z78tesbbYzP8GDwwPwZBNOIPOWpHWxK6VfRIdQY2Ew4EeZMMeZfnZHQGTcAGMBIKwxs4C478ka_SZKh02xYBsYorxRPMKxctvVa_1SrtLEv&amp;__tn__=-]K-R\">Escuela de Ciencia Pol\u00edtica USAC-oficial<\/a> y la PhD. Mar\u00eda Eugenia Cabrera Catal\u00e1n de la <a href=\"https:\/\/www.facebook.com\/EcfmUsac?__cft__[0]=AZVwHdPY3gNd9kwUzFr24aRkMKmyA2NJBNpeTPWBlxfCN-4WYbCJKyJ-O_sBJj7wLY0Hbu29U-PWc55LAAWU_6ow9TcV28jfXrDlpFzRXuGz2Z78tesbbYzP8GDwwPwZBNOIPOWpHWxK6VfRIdQY2Ew4EeZMMeZfnZHQGTcAGMBIKwxs4C478ka_SZKh02xYBsYorxRPMKxctvVa_1SrtLEv&amp;__tn__=-]K-R\">Escuela de Ciencias F\u00edsicas y Matem\u00e1ticas, USAC<\/a><\/p>\n<!-- \/wp:paragraph -->\n\n<!-- wp:paragraph -->\n<p><img height=\"16\" width=\"16\" alt=\"\ud83d\ude4c\ud83c\udffb\" src=\"https:\/\/static.xx.fbcdn.net\/images\/emoji.php\/v9\/tb8\/1\/16\/1f64c_1f3fb.png\"> La sinergia entre los organizadores fue esencial para el \u00e9xito del evento, agradecemos la responsabilidad y disponibilidad de las voluntarias de la ECP que con compromiso apoyaron durante el evento; llevando a la pr\u00e1ctica la diplomacia y las competencias interculturales.<\/p>\n<!-- \/wp:paragraph -->\n\n<!-- wp:paragraph -->\n<p><img height=\"16\" width=\"16\" alt=\"\ud83c\udf0e\" src=\"https:\/\/static.xx.fbcdn.net\/images\/emoji.php\/v9\/tc0\/1\/16\/1f30e.png\"> Seguriemos trabajando por ampliar espacios acad\u00e9micos que permitan a nuestra comunidad sancarlista vivir experiencias globales.<\/p>\n<!-- \/wp:paragraph -->\n\n<!-- wp:image {\"id\":1359,\"sizeSlug\":\"large\",\"linkDestination\":\"none\"} -->\n<figure class=\"wp-block-image size-large\"><img src=\"https:\/\/cooperacioninternacional.usac.edu.gt\/wp-content\/uploads\/2024\/05\/440941052_903259601604396_8424180431733931941_n-1024x810.jpg\" alt=\"\" class=\"wp-image-1359\"\/><\/figure>\n<!-- \/wp:image -->\n\n<!-- wp:image {\"id\":1360,\"sizeSlug\":\"large\",\"linkDestination\":\"none\"} -->\n<figure class=\"wp-block-image size-large\"><img src=\"https:\/\/cooperacioninternacional.usac.edu.gt\/wp-content\/uploads\/2024\/05\/438302960_903268798270143_4485422892121724460_n-1024x576.jpg\" alt=\"\" class=\"wp-image-1360\"\/><\/figure>\n<!-- \/wp:image -->\n\n<!-- wp:image {\"id\":1361,\"sizeSlug\":\"large\",\"linkDestination\":\"none\"} -->\n<figure class=\"wp-block-image size-large\"><img src=\"https:\/\/cooperacioninternacional.usac.edu.gt\/wp-content\/uploads\/2024\/05\/440487421_903268841603472_3098957617746637813_n-1024x683.jpg\" alt=\"\" class=\"wp-image-1361\"\/><\/figure>\n<!-- \/wp:image -->\n\n<!-- wp:image {\"id\":1362,\"width\":\"948px\",\"height\":\"auto\",\"sizeSlug\":\"large\",\"linkDestination\":\"none\"} -->\n<figure class=\"wp-block-image size-large is-resized\"><img src=\"https:\/\/cooperacioninternacional.usac.edu.gt\/wp-content\/uploads\/2024\/05\/Mesa-de-trabajo-1-1024x1024.png\" alt=\"\" class=\"wp-image-1362\" style=\"width:948px;height:auto\"\/><\/figure>\n<!-- \/wp:image -->\n\n<!-- wp:image {\"id\":1363,\"sizeSlug\":\"large\",\"linkDestination\":\"none\"} -->\n<figure class=\"wp-block-image size-large\"><img src=\"https:\/\/cooperacioninternacional.usac.edu.gt\/wp-content\/uploads\/2024\/05\/Mesa-de-trabajo-8-1024x1024.png\" alt=\"\" class=\"wp-image-1363\"\/><\/figure>\n<!-- \/wp:image -->\n\n<!-- wp:image {\"id\":1364,\"sizeSlug\":\"large\",\"linkDestination\":\"none\"} -->\n<figure class=\"wp-block-image size-large\"><img src=\"https:\/\/cooperacioninternacional.usac.edu.gt\/wp-content\/uploads\/2024\/05\/Mesa-de-trabajo-9-1024x1024.png\" alt=\"\" class=\"wp-image-1364\"\/><\/figure>\n<!-- \/wp:image -->","_et_gb_content_width":"","footnotes":""},"categories":[9],"tags":[],"class_list":["post-1357","post","type-post","status-publish","format-standard","has-post-thumbnail","hentry","category-noticias"],"_links":{"self":[{"href":"https:\/\/cooperacioninternacional.usac.edu.gt\/index.php?rest_route=\/wp\/v2\/posts\/1357","targetHints":{"allow":["GET"]}}],"collection":[{"href":"https:\/\/cooperacioninternacional.usac.edu.gt\/index.php?rest_route=\/wp\/v2\/posts"}],"about":[{"href":"https:\/\/cooperacioninternacional.usac.edu.gt\/index.php?rest_route=\/wp\/v2\/types\/post"}],"author":[{"embeddable":true,"href":"https:\/\/cooperacioninternacional.usac.edu.gt\/index.php?rest_route=\/wp\/v2\/users\/5"}],"replies":[{"embeddable":true,"href":"https:\/\/cooperacioninternacional.usac.edu.gt\/index.php?rest_route=%2Fwp%2Fv2%2Fcomments&post=1357"}],"version-history":[{"count":3,"href":"https:\/\/cooperacioninternacional.usac.edu.gt\/index.php?rest_route=\/wp\/v2\/posts\/1357\/revisions"}],"predecessor-version":[{"id":1636,"href":"https:\/\/cooperacioninternacional.usac.edu.gt\/index.php?rest_route=\/wp\/v2\/posts\/1357\/revisions\/1636"}],"wp:featuredmedia":[{"embeddable":true,"href":"https:\/\/cooperacioninternacional.usac.edu.gt\/index.php?rest_route=\/wp\/v2\/media\/1388"}],"wp:attachment":[{"href":"https:\/\/cooperacioninternacional.usac.edu.gt\/index.php?rest_route=%2Fwp%2Fv2%2Fmedia&parent=1357"}],"wp:term":[{"taxonomy":"category","embeddable":true,"href":"https:\/\/cooperacioninternacional.usac.edu.gt\/index.php?rest_route=%2Fwp%2Fv2%2Fcategories&post=1357"},{"taxonomy":"post_tag","embeddable":true,"href":"https:\/\/cooperacioninternacional.usac.edu.gt\/index.php?rest_route=%2Fwp%2Fv2%2Ftags&post=1357"}],"curies":[{"name":"wp","href":"https:\/\/api.w.org\/{rel}","templated":true}]}}