{"id":1375,"date":"2024-05-14T16:12:09","date_gmt":"2024-05-14T16:12:09","guid":{"rendered":"https:\/\/cooperacioninternacional.usac.edu.gt\/?p=1375"},"modified":"2024-06-19T16:43:36","modified_gmt":"2024-06-19T16:43:36","slug":"convocatoria-al-vi-congreso-internacional-el-monacato-femenino-en-america","status":"publish","type":"post","link":"https:\/\/cooperacioninternacional.usac.edu.gt\/?p=1375","title":{"rendered":"Convocatoria al VI Congreso Internacional: El monacato femenino en Am\u00e9rica"},"content":{"rendered":"\n[et_pb_section admin_label=\u00bbsection\u00bb]\n\t\t\t[et_pb_row admin_label=\u00bbrow\u00bb]\n\t\t\t\t[et_pb_column type=\u00bb4_4&#8243;][et_pb_text admin_label=\u00bbText\u00bb]<!-- divi:paragraph -->\n<p><img loading=\"lazy\" decoding=\"async\" height=\"16\" width=\"16\" alt=\"\ud83d\udca1\" src=\"https:\/\/static.xx.fbcdn.net\/images\/emoji.php\/v9\/t3c\/1\/16\/1f4a1.png\"><a href=\"https:\/\/www.facebook.com\/hashtag\/sabiasque?__eep__=6&amp;__cft__[0]=AZV3DsR5hk9f44GxmYmhGVnN-iP_fhvgVI_6QoUlXJvp5mclO909tJCztWYzlkDnEy4BZlmj1IWhn5wsXfLhYlIgPumYTAZW1nslU_cqMzhp-GPM3aF3Tc8-Kjvy3kjb8cwTHhIaHnop20PLWC6yD0gVfocI0Ij8YBgeO64ikvj-jvXJQgXWwxBBC94xAc6-nESXlj3Ef89xfFbX2RWQJGYN&amp;__tn__=*NK-R\">#SabiasQue<\/a> en septiembre se llevar\u00e1 a cabo en La Antigua Guatemala el VI Congreso Internacional: El monacato femenino en Am\u00e9rica <img loading=\"lazy\" decoding=\"async\" height=\"16\" width=\"16\" alt=\"\ud83c\udf0e\" src=\"https:\/\/static.xx.fbcdn.net\/images\/emoji.php\/v9\/tc0\/1\/16\/1f30e.png\"><\/p>\n<!-- \/divi:paragraph -->\n\n<!-- divi:paragraph -->\n<p>Espa\u00f1a <img loading=\"lazy\" decoding=\"async\" height=\"16\" width=\"16\" alt=\"\ud83c\uddea\ud83c\uddf8\" src=\"https:\/\/static.xx.fbcdn.net\/images\/emoji.php\/v9\/t34\/1\/16\/1f1ea_1f1f8.png\"> y Portugal <img loading=\"lazy\" decoding=\"async\" height=\"16\" width=\"16\" alt=\"\ud83c\uddf5\ud83c\uddf9\" src=\"https:\/\/static.xx.fbcdn.net\/images\/emoji.php\/v9\/te8\/1\/16\/1f1f5_1f1f9.png\"><\/p>\n<!-- \/divi:paragraph -->\n\n<!-- divi:paragraph -->\n<p><img loading=\"lazy\" decoding=\"async\" height=\"16\" width=\"16\" alt=\"\ud83d\udc40\" src=\"https:\/\/static.xx.fbcdn.net\/images\/emoji.php\/v9\/tc8\/1\/16\/1f440.png\"> \u00bfte gustar\u00eda presentar una propuesta?<\/p>\n<!-- \/divi:paragraph -->\n\n<!-- divi:paragraph -->\n<p><img loading=\"lazy\" decoding=\"async\" height=\"16\" width=\"16\" alt=\"\ud83d\uddd3\ufe0f\" src=\"https:\/\/static.xx.fbcdn.net\/images\/emoji.php\/v9\/t5c\/1\/16\/1f5d3.png\"><a><\/a>Fecha l\u00edmite: 15 de mayo<\/p>\n<!-- \/divi:paragraph -->\n\n<!-- divi:paragraph -->\n<p><img loading=\"lazy\" decoding=\"async\" height=\"16\" width=\"16\" alt=\"\ud83d\udc49\ud83c\udffc\" src=\"https:\/\/static.xx.fbcdn.net\/images\/emoji.php\/v9\/t8d\/1\/16\/1f449_1f3fc.png\"> Detalles en el siguiente enlace:<\/p>\n<!-- \/divi:paragraph -->\n\n<!-- divi:embed {\"url\":\"https:\/\/vicongresomonacatofemenino.weebly.com\/?fbclid=IwZXh0bgNhZW0CMTAAAR0EKoAw_Z2hryEetK1iUuaSHHMuPpYVe7SEqUl752R8KjshyjYRInmhrcM_aem_AdUVoJ-j1IItRQ2hTa2ikgleXzEAsERUkd0GELvNuOO24W-3W210lk4ZuU-qWozC1igoOWkrs8UeoRwgWso1w97z\"} -->\n<figure class=\"wp-block-embed\"><div class=\"wp-block-embed__wrapper\">\nhttps:\/\/vicongresomonacatofemenino.weebly.com\/?fbclid=IwZXh0bgNhZW0CMTAAAR0EKoAw_Z2hryEetK1iUuaSHHMuPpYVe7SEqUl752R8KjshyjYRInmhrcM_aem_AdUVoJ-j1IItRQ2hTa2ikgleXzEAsERUkd0GELvNuOO24W-3W210lk4ZuU-qWozC1igoOWkrs8UeoRwgWso1w97z\n<\/div><\/figure>\n<!-- \/divi:embed -->\n\n<!-- divi:image {\"id\":1376,\"sizeSlug\":\"large\",\"linkDestination\":\"none\"} -->\n<figure class=\"wp-block-image size-large\"><img loading=\"lazy\" decoding=\"async\" width=\"1024\" height=\"996\" src=\"https:\/\/cooperacioninternacional.usac.edu.gt\/wp-content\/uploads\/2024\/05\/440866687_899575701972786_440187978630705657_n-1024x996.jpg\" alt=\"\" class=\"wp-image-1376\" srcset=\"https:\/\/cooperacioninternacional.usac.edu.gt\/wp-content\/uploads\/2024\/05\/440866687_899575701972786_440187978630705657_n-1024x996.jpg 1024w, https:\/\/cooperacioninternacional.usac.edu.gt\/wp-content\/uploads\/2024\/05\/440866687_899575701972786_440187978630705657_n-980x953.jpg 980w, https:\/\/cooperacioninternacional.usac.edu.gt\/wp-content\/uploads\/2024\/05\/440866687_899575701972786_440187978630705657_n-480x467.jpg 480w\" sizes=\"(min-width: 0px) and (max-width: 480px) 480px, (min-width: 481px) and (max-width: 980px) 980px, (min-width: 981px) 1024px, 100vw\" \/><\/figure>\n<!-- \/divi:image -->[\/et_pb_text][\/et_pb_column]\n\t\t\t[\/et_pb_row]\n\t\t[\/et_pb_section]\n","protected":false},"excerpt":{"rendered":"<p>#SabiasQue en septiembre se llevar\u00e1 a cabo en La Antigua Guatemala el VI Congreso Internacional: El monacato femenino en Am\u00e9rica Espa\u00f1a y Portugal \u00bfte gustar\u00eda presentar una propuesta? Fecha l\u00edmite: 15 de mayo Detalles en el siguiente enlace: https:\/\/vicongresomonacatofemenino.weebly.com\/?fbclid=IwZXh0bgNhZW0CMTAAAR0EKoAw_Z2hryEetK1iUuaSHHMuPpYVe7SEqUl752R8KjshyjYRInmhrcM_aem_AdUVoJ-j1IItRQ2hTa2ikgleXzEAsERUkd0GELvNuOO24W-3W210lk4ZuU-qWozC1igoOWkrs8UeoRwgWso1w97z<\/p>\n","protected":false},"author":5,"featured_media":0,"comment_status":"open","ping_status":"open","sticky":false,"template":"","format":"standard","meta":{"_et_pb_use_builder":"on","_et_pb_old_content":"<!-- wp:paragraph -->\n<p><img height=\"16\" width=\"16\" alt=\"\ud83d\udca1\" src=\"https:\/\/static.xx.fbcdn.net\/images\/emoji.php\/v9\/t3c\/1\/16\/1f4a1.png\"><a href=\"https:\/\/www.facebook.com\/hashtag\/sabiasque?__eep__=6&amp;__cft__[0]=AZV3DsR5hk9f44GxmYmhGVnN-iP_fhvgVI_6QoUlXJvp5mclO909tJCztWYzlkDnEy4BZlmj1IWhn5wsXfLhYlIgPumYTAZW1nslU_cqMzhp-GPM3aF3Tc8-Kjvy3kjb8cwTHhIaHnop20PLWC6yD0gVfocI0Ij8YBgeO64ikvj-jvXJQgXWwxBBC94xAc6-nESXlj3Ef89xfFbX2RWQJGYN&amp;__tn__=*NK-R\">#SabiasQue<\/a> en septiembre se llevar\u00e1 a cabo en La Antigua Guatemala el VI Congreso Internacional: El monacato femenino en Am\u00e9rica <img height=\"16\" width=\"16\" alt=\"\ud83c\udf0e\" src=\"https:\/\/static.xx.fbcdn.net\/images\/emoji.php\/v9\/tc0\/1\/16\/1f30e.png\"><\/p>\n<!-- \/wp:paragraph -->\n\n<!-- wp:paragraph -->\n<p>Espa\u00f1a <img height=\"16\" width=\"16\" alt=\"\ud83c\uddea\ud83c\uddf8\" src=\"https:\/\/static.xx.fbcdn.net\/images\/emoji.php\/v9\/t34\/1\/16\/1f1ea_1f1f8.png\"> y Portugal <img height=\"16\" width=\"16\" alt=\"\ud83c\uddf5\ud83c\uddf9\" src=\"https:\/\/static.xx.fbcdn.net\/images\/emoji.php\/v9\/te8\/1\/16\/1f1f5_1f1f9.png\"><\/p>\n<!-- \/wp:paragraph -->\n\n<!-- wp:paragraph -->\n<p><img height=\"16\" width=\"16\" alt=\"\ud83d\udc40\" src=\"https:\/\/static.xx.fbcdn.net\/images\/emoji.php\/v9\/tc8\/1\/16\/1f440.png\"> \u00bfte gustar\u00eda presentar una propuesta?<\/p>\n<!-- \/wp:paragraph -->\n\n<!-- wp:paragraph -->\n<p><img height=\"16\" width=\"16\" alt=\"\ud83d\uddd3\ufe0f\" src=\"https:\/\/static.xx.fbcdn.net\/images\/emoji.php\/v9\/t5c\/1\/16\/1f5d3.png\"><a><\/a>Fecha l\u00edmite: 15 de mayo<\/p>\n<!-- \/wp:paragraph -->\n\n<!-- wp:paragraph -->\n<p><img height=\"16\" width=\"16\" alt=\"\ud83d\udc49\ud83c\udffc\" src=\"https:\/\/static.xx.fbcdn.net\/images\/emoji.php\/v9\/t8d\/1\/16\/1f449_1f3fc.png\"> Detalles en el siguiente enlace:<\/p>\n<!-- \/wp:paragraph -->\n\n<!-- wp:embed {\"url\":\"https:\/\/vicongresomonacatofemenino.weebly.com\/?fbclid=IwZXh0bgNhZW0CMTAAAR0EKoAw_Z2hryEetK1iUuaSHHMuPpYVe7SEqUl752R8KjshyjYRInmhrcM_aem_AdUVoJ-j1IItRQ2hTa2ikgleXzEAsERUkd0GELvNuOO24W-3W210lk4ZuU-qWozC1igoOWkrs8UeoRwgWso1w97z\"} -->\n<figure class=\"wp-block-embed\"><div class=\"wp-block-embed__wrapper\">\nhttps:\/\/vicongresomonacatofemenino.weebly.com\/?fbclid=IwZXh0bgNhZW0CMTAAAR0EKoAw_Z2hryEetK1iUuaSHHMuPpYVe7SEqUl752R8KjshyjYRInmhrcM_aem_AdUVoJ-j1IItRQ2hTa2ikgleXzEAsERUkd0GELvNuOO24W-3W210lk4ZuU-qWozC1igoOWkrs8UeoRwgWso1w97z\n<\/div><\/figure>\n<!-- \/wp:embed -->\n\n<!-- wp:image {\"id\":1376,\"sizeSlug\":\"large\",\"linkDestination\":\"none\"} -->\n<figure class=\"wp-block-image size-large\"><img src=\"https:\/\/cooperacioninternacional.usac.edu.gt\/wp-content\/uploads\/2024\/05\/440866687_899575701972786_440187978630705657_n-1024x996.jpg\" alt=\"\" class=\"wp-image-1376\"\/><\/figure>\n<!-- \/wp:image -->","_et_gb_content_width":"","footnotes":""},"categories":[36,1],"tags":[],"class_list":["post-1375","post","type-post","status-publish","format-standard","hentry","category-convocatoria-cerrada","category-convocatorias"],"_links":{"self":[{"href":"https:\/\/cooperacioninternacional.usac.edu.gt\/index.php?rest_route=\/wp\/v2\/posts\/1375","targetHints":{"allow":["GET"]}}],"collection":[{"href":"https:\/\/cooperacioninternacional.usac.edu.gt\/index.php?rest_route=\/wp\/v2\/posts"}],"about":[{"href":"https:\/\/cooperacioninternacional.usac.edu.gt\/index.php?rest_route=\/wp\/v2\/types\/post"}],"author":[{"embeddable":true,"href":"https:\/\/cooperacioninternacional.usac.edu.gt\/index.php?rest_route=\/wp\/v2\/users\/5"}],"replies":[{"embeddable":true,"href":"https:\/\/cooperacioninternacional.usac.edu.gt\/index.php?rest_route=%2Fwp%2Fv2%2Fcomments&post=1375"}],"version-history":[{"count":3,"href":"https:\/\/cooperacioninternacional.usac.edu.gt\/index.php?rest_route=\/wp\/v2\/posts\/1375\/revisions"}],"predecessor-version":[{"id":1811,"href":"https:\/\/cooperacioninternacional.usac.edu.gt\/index.php?rest_route=\/wp\/v2\/posts\/1375\/revisions\/1811"}],"wp:attachment":[{"href":"https:\/\/cooperacioninternacional.usac.edu.gt\/index.php?rest_route=%2Fwp%2Fv2%2Fmedia&parent=1375"}],"wp:term":[{"taxonomy":"category","embeddable":true,"href":"https:\/\/cooperacioninternacional.usac.edu.gt\/index.php?rest_route=%2Fwp%2Fv2%2Fcategories&post=1375"},{"taxonomy":"post_tag","embeddable":true,"href":"https:\/\/cooperacioninternacional.usac.edu.gt\/index.php?rest_route=%2Fwp%2Fv2%2Ftags&post=1375"}],"curies":[{"name":"wp","href":"https:\/\/api.w.org\/{rel}","templated":true}]}}