{"id":1396,"date":"2024-05-14T17:05:29","date_gmt":"2024-05-14T17:05:29","guid":{"rendered":"https:\/\/cooperacioninternacional.usac.edu.gt\/?p=1396"},"modified":"2024-05-14T17:05:29","modified_gmt":"2024-05-14T17:05:29","slug":"talleres-gratuitos-de-yoga-el-equilibrio-esta-en-tu-interior","status":"publish","type":"post","link":"https:\/\/cooperacioninternacional.usac.edu.gt\/?p=1396","title":{"rendered":"Talleres gratuitos de Yoga \u00abEl equilibrio est\u00e1 en tu interior.\u00bb."},"content":{"rendered":"\n<p>\u00ab\u00a1Estudiantes San Carlistas, es hora de encontrar equilibrio y bienestar! \u00danete a nuestras sesiones de yoga, donde cada respiraci\u00f3n es un paso hacia tu mejor versi\u00f3n. Descubre c\u00f3mo el yoga puede fortalecer tu cuerpo, calmar tu mente y elevar tu esp\u00edritu. Y lo mejor de todo, \u00a1es completamente gratis! Experimenta la flexibilidad, la fuerza y la serenidad que el yoga puede ofrecerte. \u00a1Te esperamos en cada estiramiento, en cada postura, en cada momento de conexi\u00f3n contigo mismo!\u00bb<\/p>\n\n\n\n<p><img loading=\"lazy\" decoding=\"async\" height=\"16\" width=\"16\" src=\"https:\/\/static.xx.fbcdn.net\/images\/emoji.php\/v9\/tc8\/1\/16\/1f5fa.png\" alt=\"\ud83d\uddfa\ufe0f\"> En <a href=\"https:\/\/www.facebook.com\/cooperacionUSAC?__cft__[0]=AZV7eNVBJc16-PXtRdsmo4tSpyt03BbMqjx65NIzEf1nqmo2tft6R6ulgH68xBdN911_WM0FAuwDlkbWfC1zOqAAcfp6sR-qb8Eo2LEche55DhjlkK0kHWcNnpvHwlzeiOvyuPNK4oEX6wcuz_1gWIfZkSoaLlPJsdDreXWle0ciPpKR1bvH_GmECeX6DNCI6P95CBvsOycnNRPi2LD77HSt&amp;__tn__=-]K-R\">Cooperaci\u00f3n y Relaciones Internacionales &#8211; USAC<\/a> seguimos creando espacios acad\u00e9micos y culturales para la comunidad san Carlista y poblaci\u00f3n en general.<\/p>\n\n\n\n<p><img loading=\"lazy\" decoding=\"async\" height=\"16\" width=\"16\" alt=\"\ud83c\udfab\" src=\"https:\/\/static.xx.fbcdn.net\/images\/emoji.php\/v9\/tac\/1\/16\/1f3ab.png\"> La entrada es gratuita.<\/p>\n\n\n\n<p><img loading=\"lazy\" decoding=\"async\" height=\"16\" width=\"16\" alt=\"\ud83d\uddd3\ufe0f\" src=\"https:\/\/static.xx.fbcdn.net\/images\/emoji.php\/v9\/t5c\/1\/16\/1f5d3.png\"> Hora: 9:45 am<\/p>\n\n\n\n<p><img loading=\"lazy\" decoding=\"async\" height=\"16\" width=\"16\" src=\"https:\/\/static.xx.fbcdn.net\/images\/emoji.php\/v9\/t2d\/1\/16\/1f4cd.png\" alt=\"\ud83d\udccd\">\u00c1rea verde enfrente de las ventanillas de<a href=\"https:\/\/www.facebook.com\/ryeusac?__cft__[0]=AZV7eNVBJc16-PXtRdsmo4tSpyt03BbMqjx65NIzEf1nqmo2tft6R6ulgH68xBdN911_WM0FAuwDlkbWfC1zOqAAcfp6sR-qb8Eo2LEche55DhjlkK0kHWcNnpvHwlzeiOvyuPNK4oEX6wcuz_1gWIfZkSoaLlPJsdDreXWle0ciPpKR1bvH_GmECeX6DNCI6P95CBvsOycnNRPi2LD77HSt&amp;__tn__=-]K-R\"> Registro y Estad\u00edstic<\/a>a o  en <a href=\"https:\/\/www.facebook.com\/profile.php?id=100066600784546&amp;__cft__[0]=AZWchORSiZekAXjoT9lZ8Ggf_LOS6iu0C562ZWdiADf-FOPpNjn_abgMwKBFHLwAUF99_bPHH3mWjWRNPCyvcIZ6MC1BJyFGy7NsVYsAIoV2dGW_svW65Jo32AJTP28aIlYfoz1NWkS61IoXVcnpORd310t8RL3AgPj2z7e_rJ8X_Dc-WPMDjEulqOYFOHNLz30mYPUl9YzYuDVUEJkmLoQz&amp;__tn__=-]K-R\">Club Deportivo Universitario Los Arcos USAC<\/a><\/p>\n\n\n\n<p><img loading=\"lazy\" decoding=\"async\" height=\"16\" width=\"16\" alt=\"\ud83d\udd17\" src=\"https:\/\/static.xx.fbcdn.net\/images\/emoji.php\/v9\/tb3\/1\/16\/1f517.png\"> Reserva tu espacio: <a href=\"https:\/\/forms.gle\/HnvogdFqBU1bYzxn6?fbclid=IwZXh0bgNhZW0CMTAAAR0xG2Zn3no4zouQISRZ4S1ljcrl7jL01bUBsjyV7fiiBJCVcnlvrGoGAl0_aem_AcE4cvvQDp-QsQ5Ac6rq0GTV7dHOUaiRv9WciJaJ2vx9-YV1Ko-U_EUSb6DYF8D5pydHOAl3B7NPJhixIfUQU-76\" rel=\"noreferrer noopener\" target=\"_blank\">https:\/\/forms.gle\/HnvogdFqBU1bYzxn6<\/a><\/p>\n\n\n\n<p><img loading=\"lazy\" decoding=\"async\" height=\"16\" width=\"16\" alt=\"\ud83c\uddec\ud83c\uddf9\" src=\"https:\/\/static.xx.fbcdn.net\/images\/emoji.php\/v9\/t37\/1\/16\/1f1ec_1f1f9.png\"><img loading=\"lazy\" decoding=\"async\" height=\"16\" width=\"16\" alt=\"\ud83e\udd1d\ud83c\udffc\" src=\"https:\/\/static.xx.fbcdn.net\/images\/emoji.php\/v9\/t60\/1\/16\/1f91d_1f3fc.png\"><img loading=\"lazy\" decoding=\"async\" height=\"16\" width=\"16\" alt=\"\ud83c\uddee\ud83c\uddf3\" src=\"https:\/\/static.xx.fbcdn.net\/images\/emoji.php\/v9\/tb3\/1\/16\/1f1ee_1f1f3.png\"> Agradecemos el apoyo de <a href=\"https:\/\/www.facebook.com\/IndiaInGuatemala?__cft__[0]=AZV7eNVBJc16-PXtRdsmo4tSpyt03BbMqjx65NIzEf1nqmo2tft6R6ulgH68xBdN911_WM0FAuwDlkbWfC1zOqAAcfp6sR-qb8Eo2LEche55DhjlkK0kHWcNnpvHwlzeiOvyuPNK4oEX6wcuz_1gWIfZkSoaLlPJsdDreXWle0ciPpKR1bvH_GmECeX6DNCI6P95CBvsOycnNRPi2LD77HSt&amp;__tn__=-]K-R\">Embajada de la India en Guatemala, El Salvador y Honduras<\/a> en fomentar este tipo de actividades con nuestra comunidad universitaria.<\/p>\n\n\n\n<p>\u00a1Te esperamos!<\/p>\n\n\n\n<figure class=\"wp-block-image size-large\"><img loading=\"lazy\" decoding=\"async\" width=\"1024\" height=\"1024\" src=\"https:\/\/cooperacioninternacional.usac.edu.gt\/wp-content\/uploads\/2024\/05\/Mesa-de-trabajo-6-1024x1024.png\" alt=\"\" class=\"wp-image-1397\" srcset=\"https:\/\/cooperacioninternacional.usac.edu.gt\/wp-content\/uploads\/2024\/05\/Mesa-de-trabajo-6-1024x1024.png 1024w, https:\/\/cooperacioninternacional.usac.edu.gt\/wp-content\/uploads\/2024\/05\/Mesa-de-trabajo-6-980x980.png 980w, https:\/\/cooperacioninternacional.usac.edu.gt\/wp-content\/uploads\/2024\/05\/Mesa-de-trabajo-6-480x480.png 480w\" sizes=\"(min-width: 0px) and (max-width: 480px) 480px, (min-width: 481px) and (max-width: 980px) 980px, (min-width: 981px) 1024px, 100vw\" \/><\/figure>\n\n\n\n<p><\/p>\n\n\n\n<figure class=\"wp-block-image size-large is-resized\"><img loading=\"lazy\" decoding=\"async\" width=\"1024\" height=\"1024\" src=\"https:\/\/cooperacioninternacional.usac.edu.gt\/wp-content\/uploads\/2024\/05\/Mesa-de-trabajo-4-1024x1024.png\" alt=\"\" class=\"wp-image-1398\" style=\"width:948px;height:auto\" srcset=\"https:\/\/cooperacioninternacional.usac.edu.gt\/wp-content\/uploads\/2024\/05\/Mesa-de-trabajo-4-1024x1024.png 1024w, https:\/\/cooperacioninternacional.usac.edu.gt\/wp-content\/uploads\/2024\/05\/Mesa-de-trabajo-4-980x980.png 980w, https:\/\/cooperacioninternacional.usac.edu.gt\/wp-content\/uploads\/2024\/05\/Mesa-de-trabajo-4-480x480.png 480w\" sizes=\"(min-width: 0px) and (max-width: 480px) 480px, (min-width: 481px) and (max-width: 980px) 980px, (min-width: 981px) 1024px, 100vw\" \/><\/figure>\n\n\n\n<figure class=\"wp-block-image size-large\"><img loading=\"lazy\" decoding=\"async\" width=\"1024\" height=\"1024\" src=\"https:\/\/cooperacioninternacional.usac.edu.gt\/wp-content\/uploads\/2024\/05\/Mesa-de-trabajo-5-1024x1024.png\" alt=\"\" class=\"wp-image-1399\" srcset=\"https:\/\/cooperacioninternacional.usac.edu.gt\/wp-content\/uploads\/2024\/05\/Mesa-de-trabajo-5-1024x1024.png 1024w, https:\/\/cooperacioninternacional.usac.edu.gt\/wp-content\/uploads\/2024\/05\/Mesa-de-trabajo-5-980x980.png 980w, https:\/\/cooperacioninternacional.usac.edu.gt\/wp-content\/uploads\/2024\/05\/Mesa-de-trabajo-5-480x480.png 480w\" sizes=\"(min-width: 0px) and (max-width: 480px) 480px, (min-width: 481px) and (max-width: 980px) 980px, (min-width: 981px) 1024px, 100vw\" \/><\/figure>\n","protected":false},"excerpt":{"rendered":"<p>\u00ab\u00a1Estudiantes San Carlistas, es hora de encontrar equilibrio y bienestar! \u00danete a nuestras sesiones de yoga, donde cada respiraci\u00f3n es un paso hacia tu mejor versi\u00f3n. Descubre c\u00f3mo el yoga puede fortalecer tu cuerpo, calmar tu mente y elevar tu esp\u00edritu. Y lo mejor de todo, \u00a1es completamente gratis! Experimenta la flexibilidad, la fuerza y [&hellip;]<\/p>\n","protected":false},"author":5,"featured_media":0,"comment_status":"open","ping_status":"open","sticky":false,"template":"","format":"standard","meta":{"_et_pb_use_builder":"off","_et_pb_old_content":"","_et_gb_content_width":"","footnotes":""},"categories":[1],"tags":[],"class_list":["post-1396","post","type-post","status-publish","format-standard","hentry","category-convocatorias"],"_links":{"self":[{"href":"https:\/\/cooperacioninternacional.usac.edu.gt\/index.php?rest_route=\/wp\/v2\/posts\/1396","targetHints":{"allow":["GET"]}}],"collection":[{"href":"https:\/\/cooperacioninternacional.usac.edu.gt\/index.php?rest_route=\/wp\/v2\/posts"}],"about":[{"href":"https:\/\/cooperacioninternacional.usac.edu.gt\/index.php?rest_route=\/wp\/v2\/types\/post"}],"author":[{"embeddable":true,"href":"https:\/\/cooperacioninternacional.usac.edu.gt\/index.php?rest_route=\/wp\/v2\/users\/5"}],"replies":[{"embeddable":true,"href":"https:\/\/cooperacioninternacional.usac.edu.gt\/index.php?rest_route=%2Fwp%2Fv2%2Fcomments&post=1396"}],"version-history":[{"count":1,"href":"https:\/\/cooperacioninternacional.usac.edu.gt\/index.php?rest_route=\/wp\/v2\/posts\/1396\/revisions"}],"predecessor-version":[{"id":1400,"href":"https:\/\/cooperacioninternacional.usac.edu.gt\/index.php?rest_route=\/wp\/v2\/posts\/1396\/revisions\/1400"}],"wp:attachment":[{"href":"https:\/\/cooperacioninternacional.usac.edu.gt\/index.php?rest_route=%2Fwp%2Fv2%2Fmedia&parent=1396"}],"wp:term":[{"taxonomy":"category","embeddable":true,"href":"https:\/\/cooperacioninternacional.usac.edu.gt\/index.php?rest_route=%2Fwp%2Fv2%2Fcategories&post=1396"},{"taxonomy":"post_tag","embeddable":true,"href":"https:\/\/cooperacioninternacional.usac.edu.gt\/index.php?rest_route=%2Fwp%2Fv2%2Ftags&post=1396"}],"curies":[{"name":"wp","href":"https:\/\/api.w.org\/{rel}","templated":true}]}}