{"id":1990,"date":"2024-06-24T17:36:09","date_gmt":"2024-06-24T17:36:09","guid":{"rendered":"https:\/\/cooperacioninternacional.usac.edu.gt\/?p=1990"},"modified":"2024-06-24T17:36:23","modified_gmt":"2024-06-24T17:36:23","slug":"estudia-tu-maestria-con-beca-en-alemania","status":"publish","type":"post","link":"https:\/\/cooperacioninternacional.usac.edu.gt\/?p=1990","title":{"rendered":"Estudia tu maestr\u00eda con BECA en Alemania"},"content":{"rendered":"\n<p><img loading=\"lazy\" decoding=\"async\" height=\"16\" width=\"16\" alt=\"\ud83c\udde9\ud83c\uddea\" src=\"https:\/\/static.xx.fbcdn.net\/images\/emoji.php\/v9\/t16\/1\/16\/1f1e9_1f1ea.png\"> Estudia tu maestr\u00eda con BECA en Alemania<\/p>\n\n\n\n<p><img loading=\"lazy\" decoding=\"async\" height=\"16\" width=\"16\" alt=\"\ud83e\udd13\" src=\"https:\/\/static.xx.fbcdn.net\/images\/emoji.php\/v9\/tb3\/1\/16\/1f913.png\"> Si te interesan los temas relacionados con pol\u00edtica p\u00fablica y gobernanza \u00a1Entonces esto es para ti! <img loading=\"lazy\" decoding=\"async\" height=\"16\" width=\"16\" alt=\"\ud83c\udf1f\" src=\"https:\/\/static.xx.fbcdn.net\/images\/emoji.php\/v9\/te0\/1\/16\/1f31f.png\"><\/p>\n\n\n\n<p><img loading=\"lazy\" decoding=\"async\" height=\"16\" width=\"16\" alt=\"\ud83d\udde3\ufe0f\" src=\"https:\/\/static.xx.fbcdn.net\/images\/emoji.php\/v9\/tfb\/1\/16\/1f5e3.png\"> \u00a1La convocatoria del Programa Helmut Schmidt 2025 est\u00e1 abierta!<\/p>\n\n\n\n<p><img loading=\"lazy\" decoding=\"async\" height=\"16\" width=\"16\" alt=\"\ud83d\uddd3\ufe0f\" src=\"https:\/\/static.xx.fbcdn.net\/images\/emoji.php\/v9\/t5c\/1\/16\/1f5d3.png\"><a><\/a>Periodo de aplicaci\u00f3n: 1\u00b0 de junio al 31 de julio de 2024<\/p>\n\n\n\n<p><img loading=\"lazy\" decoding=\"async\" height=\"16\" width=\"16\" alt=\"\ud83d\udd17\" src=\"https:\/\/static.xx.fbcdn.net\/images\/emoji.php\/v9\/tb3\/1\/16\/1f517.png\"> M\u00e1s informaci\u00f3n y c\u00f3mo aplicar: <a href=\"https:\/\/l.facebook.com\/l.php?u=http%3A%2F%2Fdaad.de%2Fgo%2Fen%2Fstipa50026397%3Ffbclid%3DIwZXh0bgNhZW0CMTAAAR17QtHRTSL4c6fnoQQlUNwMJ9QioyVQO0jFa-s9ydwBEKF1CPIpqAGtHN0_aem_ewkSoOMv-KCc2fgJqTyU6Q&amp;h=AT3mnoHBBY0G9AcmCumHnBUkjf_3n5PniL9hYJI3jYGJBo3jqt1WA-nmyYtniRvNd6Yc56uMdLiDjXK78UG6zLOxYFnlJzov_zGiS9PXC5qbKq-CT8RXuBW0zFR2eqChiQ&amp;__tn__=-UK-R&amp;c[0]=AT34LxOkJXuh5V9yqdHxO55Ubab6T3SZhXlo7-wdw_1yTlfxkNGLGkfHDWIUbyDLnIEb00OTI1SPgunOLxTXLOBjao-T7eG4OEcGbwO-23il0wOb-grn5yjPvhx-ar-gFS7DVI48J-OvOKxcPk4edUjmyaiwn_HFM9pk7idAhRzaoHEZ3vi8p2qZnaTJL6_6pB6fbaoSUaiI_z3EuWFFwVAGzvKJKbBM-Dug\" rel=\"noreferrer noopener\" target=\"_blank\">daad.de\/go\/en\/stipa50026397<\/a><\/p>\n\n\n\n<p>\u00a1No dejes pasar esta incre\u00edble oportunidad de crecimiento acad\u00e9mico y profesional! <img loading=\"lazy\" decoding=\"async\" height=\"16\" width=\"16\" alt=\"\ud83d\ude80\" src=\"https:\/\/static.xx.fbcdn.net\/images\/emoji.php\/v9\/tc6\/1\/16\/1f680.png\"><\/p>\n\n\n\n<p><img loading=\"lazy\" decoding=\"async\" height=\"16\" width=\"16\" alt=\"\ud83d\udc49\ud83c\udffc\" src=\"https:\/\/static.xx.fbcdn.net\/images\/emoji.php\/v9\/t8d\/1\/16\/1f449_1f3fc.png\"> Invita: <a href=\"https:\/\/www.facebook.com\/DAAD.CostaRica?__cft__[0]=AZXGOqvGZEz5cSBBqRO-VMzjm2bofXx_J3hliw0G-FkHlTBfEA-NcfAkD4aSMpDAKDhpsGxl2Bo38lfzFTXEh9H9exumGTylzWTOPVw3MzE7hkrwDvoBKNbOadpcV4RqTG-IPP903i-3raU2tcYcESI7juy_WARU6i4gGWSsPqXG2W0qDRft-SSl3bk_gox6KuqrQNDm4HHvMQnye--9vBtK&amp;__tn__=-]K-R\">DAAD Costa Rica<\/a><\/p>\n\n\n\n<figure class=\"wp-block-gallery has-nested-images columns-default is-cropped wp-block-gallery-1 is-layout-flex wp-block-gallery-is-layout-flex\">\n<figure class=\"wp-block-image size-full\"><img loading=\"lazy\" decoding=\"async\" width=\"940\" height=\"788\" data-id=\"1991\" src=\"https:\/\/cooperacioninternacional.usac.edu.gt\/wp-content\/uploads\/2024\/06\/448765007_930582858872070_935408655821960370_n.jpg\" alt=\"\" class=\"wp-image-1991\" srcset=\"https:\/\/cooperacioninternacional.usac.edu.gt\/wp-content\/uploads\/2024\/06\/448765007_930582858872070_935408655821960370_n.jpg 940w, https:\/\/cooperacioninternacional.usac.edu.gt\/wp-content\/uploads\/2024\/06\/448765007_930582858872070_935408655821960370_n-480x402.jpg 480w\" sizes=\"(min-width: 0px) and (max-width: 480px) 480px, (min-width: 481px) 940px, 100vw\" \/><\/figure>\n\n\n\n<figure class=\"wp-block-image size-full\"><img loading=\"lazy\" decoding=\"async\" width=\"940\" height=\"788\" data-id=\"1992\" src=\"https:\/\/cooperacioninternacional.usac.edu.gt\/wp-content\/uploads\/2024\/06\/448509315_930582835538739_2676526693980472959_n.jpg\" alt=\"\" class=\"wp-image-1992\" srcset=\"https:\/\/cooperacioninternacional.usac.edu.gt\/wp-content\/uploads\/2024\/06\/448509315_930582835538739_2676526693980472959_n.jpg 940w, https:\/\/cooperacioninternacional.usac.edu.gt\/wp-content\/uploads\/2024\/06\/448509315_930582835538739_2676526693980472959_n-480x402.jpg 480w\" sizes=\"(min-width: 0px) and (max-width: 480px) 480px, (min-width: 481px) 940px, 100vw\" \/><\/figure>\n<\/figure>\n","protected":false},"excerpt":{"rendered":"<p>Estudia tu maestr\u00eda con BECA en Alemania Si te interesan los temas relacionados con pol\u00edtica p\u00fablica y gobernanza \u00a1Entonces esto es para ti! \u00a1La convocatoria del Programa Helmut Schmidt 2025 est\u00e1 abierta! Periodo de aplicaci\u00f3n: 1\u00b0 de junio al 31 de julio de 2024 M\u00e1s informaci\u00f3n y c\u00f3mo aplicar: daad.de\/go\/en\/stipa50026397 \u00a1No dejes pasar esta incre\u00edble [&hellip;]<\/p>\n","protected":false},"author":5,"featured_media":0,"comment_status":"open","ping_status":"open","sticky":false,"template":"","format":"standard","meta":{"_et_pb_use_builder":"off","_et_pb_old_content":"","_et_gb_content_width":"","footnotes":""},"categories":[37,1],"tags":[],"class_list":["post-1990","post","type-post","status-publish","format-standard","hentry","category-convocatoria-abierta","category-convocatorias"],"_links":{"self":[{"href":"https:\/\/cooperacioninternacional.usac.edu.gt\/index.php?rest_route=\/wp\/v2\/posts\/1990","targetHints":{"allow":["GET"]}}],"collection":[{"href":"https:\/\/cooperacioninternacional.usac.edu.gt\/index.php?rest_route=\/wp\/v2\/posts"}],"about":[{"href":"https:\/\/cooperacioninternacional.usac.edu.gt\/index.php?rest_route=\/wp\/v2\/types\/post"}],"author":[{"embeddable":true,"href":"https:\/\/cooperacioninternacional.usac.edu.gt\/index.php?rest_route=\/wp\/v2\/users\/5"}],"replies":[{"embeddable":true,"href":"https:\/\/cooperacioninternacional.usac.edu.gt\/index.php?rest_route=%2Fwp%2Fv2%2Fcomments&post=1990"}],"version-history":[{"count":1,"href":"https:\/\/cooperacioninternacional.usac.edu.gt\/index.php?rest_route=\/wp\/v2\/posts\/1990\/revisions"}],"predecessor-version":[{"id":1993,"href":"https:\/\/cooperacioninternacional.usac.edu.gt\/index.php?rest_route=\/wp\/v2\/posts\/1990\/revisions\/1993"}],"wp:attachment":[{"href":"https:\/\/cooperacioninternacional.usac.edu.gt\/index.php?rest_route=%2Fwp%2Fv2%2Fmedia&parent=1990"}],"wp:term":[{"taxonomy":"category","embeddable":true,"href":"https:\/\/cooperacioninternacional.usac.edu.gt\/index.php?rest_route=%2Fwp%2Fv2%2Fcategories&post=1990"},{"taxonomy":"post_tag","embeddable":true,"href":"https:\/\/cooperacioninternacional.usac.edu.gt\/index.php?rest_route=%2Fwp%2Fv2%2Ftags&post=1990"}],"curies":[{"name":"wp","href":"https:\/\/api.w.org\/{rel}","templated":true}]}}