{"id":2026,"date":"2024-07-10T17:06:03","date_gmt":"2024-07-10T17:06:03","guid":{"rendered":"https:\/\/cooperacioninternacional.usac.edu.gt\/?p=2026"},"modified":"2024-07-10T17:08:32","modified_gmt":"2024-07-10T17:08:32","slug":"ponente-virtual-escuela-de-psicologia","status":"publish","type":"post","link":"https:\/\/cooperacioninternacional.usac.edu.gt\/?p=2026","title":{"rendered":"ponente virtual Escuela de Psicolog\u00eda"},"content":{"rendered":"\n<p><img loading=\"lazy\" decoding=\"async\" height=\"16\" width=\"16\" alt=\"\ud83d\udde3\ufe0f\" src=\"https:\/\/static.xx.fbcdn.net\/images\/emoji.php\/v9\/tfb\/1\/16\/1f5e3.png\"><img loading=\"lazy\" decoding=\"async\" height=\"16\" width=\"16\" alt=\"\ud83c\udde8\ud83c\uddf4\" src=\"https:\/\/static.xx.fbcdn.net\/images\/emoji.php\/v9\/t47\/1\/16\/1f1e8_1f1f4.png\"> Desde la Escuela de Psicolog\u00eda, Talento Humano y Sociedad compartimos la invitaci\u00f3n para participar en la convocatoria para ponente virtual (en el <a href=\"https:\/\/www.facebook.com\/poligran?__cft__[0]=AZUcZGzoewPkpgChX34SsN3WPOFuTu8-MTIGVSP7VOVy_4YrkbWuRh0XEemp9cK4jnSq2TfYKrd_82uGxrHtqMwK9zEPOON7kdOVFmIcLa0uTSVPszJL2mW9NultemUHkTqpQ4Lwb0UdC_mDyLkBNrEFIvMLPS09aehEOVLOXdOmms6v-IEq26-T9PGICYVM-nBJosjcQWDSGSvGkDbfsuFT&amp;__tn__=-]K-R\">Polit\u00e9cnico Grancolombiano<\/a>) para el evento:<\/p>\n\n\n\n<p><img loading=\"lazy\" decoding=\"async\" height=\"16\" width=\"16\" alt=\"\ud83d\udc49\ud83c\udffc\" src=\"https:\/\/static.xx.fbcdn.net\/images\/emoji.php\/v9\/t8d\/1\/16\/1f449_1f3fc.png\"> I Congreso Internacional en Rehabilitaci\u00f3n Integral, Inclusi\u00f3n y Calidad de Vida los d\u00edas 3 y 4 de octubre de 2024.<\/p>\n\n\n\n<p><img loading=\"lazy\" decoding=\"async\" height=\"16\" width=\"16\" alt=\"\ud83d\uddd3\ufe0f\" src=\"https:\/\/static.xx.fbcdn.net\/images\/emoji.php\/v9\/t5c\/1\/16\/1f5d3.png\"> Este evento est\u00e1 dirigido a estudiantes, egresados y profesionales de \u00e1reas afines. Los interesados se pueden postular en el siguiente link hasta el 1 de <a><\/a>agosto de 2024.<\/p>\n\n\n\n<p><img loading=\"lazy\" decoding=\"async\" height=\"16\" width=\"16\" alt=\"\ud83d\udd17\" src=\"https:\/\/static.xx.fbcdn.net\/images\/emoji.php\/v9\/tb3\/1\/16\/1f517.png\"> Link inscripci\u00f3n: <a href=\"https:\/\/forms.office.com\/r\/hrBFDzPhQw?fbclid=IwZXh0bgNhZW0CMTAAAR0f6TiAuvxa65VIoVySSJF7a8Fia8g66UzE8xzswsPN0DUzTsyLRDDdnVo_aem_Lqctmozi-Fax48yjY2s8hg\" rel=\"noreferrer noopener\" target=\"_blank\">https:\/\/forms.office.com\/r\/hrBFDzPhQw<\/a><\/p>\n\n\n\n<figure class=\"wp-block-image size-large\"><img loading=\"lazy\" decoding=\"async\" width=\"1018\" height=\"1024\" src=\"https:\/\/cooperacioninternacional.usac.edu.gt\/wp-content\/uploads\/2024\/07\/449125161_939188808011475_5769205471447830445_n-1018x1024.jpg\" alt=\"\" class=\"wp-image-2027\" srcset=\"https:\/\/cooperacioninternacional.usac.edu.gt\/wp-content\/uploads\/2024\/07\/449125161_939188808011475_5769205471447830445_n-1018x1024.jpg 1018w, https:\/\/cooperacioninternacional.usac.edu.gt\/wp-content\/uploads\/2024\/07\/449125161_939188808011475_5769205471447830445_n-980x986.jpg 980w, https:\/\/cooperacioninternacional.usac.edu.gt\/wp-content\/uploads\/2024\/07\/449125161_939188808011475_5769205471447830445_n-480x483.jpg 480w\" sizes=\"(min-width: 0px) and (max-width: 480px) 480px, (min-width: 481px) and (max-width: 980px) 980px, (min-width: 981px) 1018px, 100vw\" \/><\/figure>\n","protected":false},"excerpt":{"rendered":"<p>Desde la Escuela de Psicolog\u00eda, Talento Humano y Sociedad compartimos la invitaci\u00f3n para participar en la convocatoria para ponente virtual (en el Polit\u00e9cnico Grancolombiano) para el evento: I Congreso Internacional en Rehabilitaci\u00f3n Integral, Inclusi\u00f3n y Calidad de Vida los d\u00edas 3 y 4 de octubre de 2024. Este evento est\u00e1 dirigido a estudiantes, egresados y [&hellip;]<\/p>\n","protected":false},"author":5,"featured_media":0,"comment_status":"open","ping_status":"open","sticky":false,"template":"","format":"standard","meta":{"_et_pb_use_builder":"off","_et_pb_old_content":"","_et_gb_content_width":"","footnotes":""},"categories":[37,1],"tags":[],"class_list":["post-2026","post","type-post","status-publish","format-standard","hentry","category-convocatoria-abierta","category-convocatorias"],"_links":{"self":[{"href":"https:\/\/cooperacioninternacional.usac.edu.gt\/index.php?rest_route=\/wp\/v2\/posts\/2026","targetHints":{"allow":["GET"]}}],"collection":[{"href":"https:\/\/cooperacioninternacional.usac.edu.gt\/index.php?rest_route=\/wp\/v2\/posts"}],"about":[{"href":"https:\/\/cooperacioninternacional.usac.edu.gt\/index.php?rest_route=\/wp\/v2\/types\/post"}],"author":[{"embeddable":true,"href":"https:\/\/cooperacioninternacional.usac.edu.gt\/index.php?rest_route=\/wp\/v2\/users\/5"}],"replies":[{"embeddable":true,"href":"https:\/\/cooperacioninternacional.usac.edu.gt\/index.php?rest_route=%2Fwp%2Fv2%2Fcomments&post=2026"}],"version-history":[{"count":1,"href":"https:\/\/cooperacioninternacional.usac.edu.gt\/index.php?rest_route=\/wp\/v2\/posts\/2026\/revisions"}],"predecessor-version":[{"id":2028,"href":"https:\/\/cooperacioninternacional.usac.edu.gt\/index.php?rest_route=\/wp\/v2\/posts\/2026\/revisions\/2028"}],"wp:attachment":[{"href":"https:\/\/cooperacioninternacional.usac.edu.gt\/index.php?rest_route=%2Fwp%2Fv2%2Fmedia&parent=2026"}],"wp:term":[{"taxonomy":"category","embeddable":true,"href":"https:\/\/cooperacioninternacional.usac.edu.gt\/index.php?rest_route=%2Fwp%2Fv2%2Fcategories&post=2026"},{"taxonomy":"post_tag","embeddable":true,"href":"https:\/\/cooperacioninternacional.usac.edu.gt\/index.php?rest_route=%2Fwp%2Fv2%2Ftags&post=2026"}],"curies":[{"name":"wp","href":"https:\/\/api.w.org\/{rel}","templated":true}]}}