{"id":2032,"date":"2024-07-10T17:16:16","date_gmt":"2024-07-10T17:16:16","guid":{"rendered":"https:\/\/cooperacioninternacional.usac.edu.gt\/?p=2032"},"modified":"2024-07-10T17:16:17","modified_gmt":"2024-07-10T17:16:17","slug":"workshop-inicial-sobre-el-bienestar-de-especies-acuaticas","status":"publish","type":"post","link":"https:\/\/cooperacioninternacional.usac.edu.gt\/?p=2032","title":{"rendered":"Workshop inicial sobre el bienestar de especies acu\u00e1ticas"},"content":{"rendered":"\n<p><img loading=\"lazy\" decoding=\"async\" height=\"16\" width=\"16\" alt=\"\ud83d\udc20\" src=\"https:\/\/static.xx.fbcdn.net\/images\/emoji.php\/v9\/t8a\/1\/16\/1f420.png\"><img loading=\"lazy\" decoding=\"async\" height=\"16\" width=\"16\" alt=\"\ud83e\udd91\" src=\"https:\/\/static.xx.fbcdn.net\/images\/emoji.php\/v9\/ta9\/1\/16\/1f991.png\"><img loading=\"lazy\" decoding=\"async\" height=\"16\" width=\"16\" alt=\"\ud83c\uddea\ud83c\uddf8\" src=\"https:\/\/static.xx.fbcdn.net\/images\/emoji.php\/v9\/t34\/1\/16\/1f1ea_1f1f8.png\"> Workshop inicial sobre el bienestar de especies acu\u00e1ticas <img loading=\"lazy\" decoding=\"async\" height=\"16\" width=\"16\" alt=\"\ud83e\udeb8\" src=\"https:\/\/static.xx.fbcdn.net\/images\/emoji.php\/v9\/tcf\/1\/16\/1fab8.png\"><img loading=\"lazy\" decoding=\"async\" height=\"16\" width=\"16\" alt=\"\ud83e\udd13\" src=\"https:\/\/static.xx.fbcdn.net\/images\/emoji.php\/v9\/tb3\/1\/16\/1f913.png\"><\/p>\n\n\n\n<p><img loading=\"lazy\" decoding=\"async\" height=\"16\" width=\"16\" alt=\"\ud83d\udc49\ud83c\udffc\" src=\"https:\/\/static.xx.fbcdn.net\/images\/emoji.php\/v9\/t8d\/1\/16\/1f449_1f3fc.png\"> Dirigido a:<\/p>\n\n\n\n<p>Profesionales de las Autoridades Nacionales Competentes vinculadas al sector acu\u00edcola y al bienestar animal de especies acu\u00e1ticas y personal de centros de investigaci\u00f3n y universidades de Am\u00e9rica Latina y el Caribe.<\/p>\n\n\n\n<p>Cema <a><\/a>Usac<\/p>\n\n\n\n<p><img loading=\"lazy\" decoding=\"async\" height=\"16\" width=\"16\" alt=\"\ud83d\uddd3\ufe0f\" src=\"https:\/\/static.xx.fbcdn.net\/images\/emoji.php\/v9\/t5c\/1\/16\/1f5d3.png\"> Cierre de convocatoria 12 de agosto, 2024<\/p>\n\n\n\n<p><img loading=\"lazy\" decoding=\"async\" height=\"16\" width=\"16\" alt=\"\ud83d\udd17\" src=\"https:\/\/static.xx.fbcdn.net\/images\/emoji.php\/v9\/tb3\/1\/16\/1f517.png\"><img loading=\"lazy\" decoding=\"async\" height=\"16\" width=\"16\" alt=\"\u270d\ud83c\udffc\" src=\"https:\/\/static.xx.fbcdn.net\/images\/emoji.php\/v9\/t5e\/1\/16\/270d_1f3fc.png\"> Postulaci\u00f3n en l\u00ednea: <a href=\"https:\/\/l.facebook.com\/l.php?u=https%3A%2F%2Fforms.office.com%2Fpages%2Fresponsepage.aspx%3Fid%3DFh5merYTQE-SvexPIp0wrd5UaEbEYbFEm5iPpXx2gA5UN0VJUzBMNlJZRE1NN1lBRTBCRDNDS0VaSy4u%26fbclid%3DIwZXh0bgNhZW0CMTAAAR1IgPCatap2Vk5n_NYrjzgP_b59aQ4H9ZZxK95aSDHPAfzXuHNVoIl6cIg_aem_pQsy4aWcLU04C9IXy8iaSg&amp;h=AT1Oc-6V5hhX8FAk-032A7O78TaimECbgTWI5RiVvfoKmAhwTpAODVExSaBvfx1Akavgpbt06TlNnlZFm3cvwZR0gr4G15RIwyHs50GitwU4AdC25ITKnzUBr08rInYoZg&amp;__tn__=-UK-R&amp;c[0]=AT03bZCgeJvGUNp7i1BKLuNBeOMog_2aexFXcVF4_fc-iJi3AtA0qXiiZofsG52XtKmW_p4wLdibpnvwRLG2fguXi-BX5HOArlVWOuU2Bt3wcBpIVG70Hs6VQAdCM1PDMAR_0Wc3E0jS-qaqXD_mvWHcHfYreUbyMcrkRgkOG4zgQaad92otMV5XR9TfJRazjuvQPN_ltjhzaKz3iMKGvrLNkrSWtJFWzAJt\" rel=\"noreferrer noopener\" target=\"_blank\">https:\/\/forms.office.com\/pages\/responsepage.aspx&#8230;<\/a><\/p>\n\n\n\n<p><img loading=\"lazy\" decoding=\"async\" height=\"16\" width=\"16\" alt=\"\ud83d\ude4c\ud83c\udffb\" src=\"https:\/\/static.xx.fbcdn.net\/images\/emoji.php\/v9\/tb8\/1\/16\/1f64c_1f3fb.png\"> Invita: <a href=\"https:\/\/www.facebook.com\/CFCEAntiguaGuatemala?__cft__[0]=AZVGxI1zDDq8mL16u7vzT9YINqAkNWAaijYhgL4R_mTl1RbdWOgtrXok3A1_ZwkYiH0ht1z3T15cGpqsYeYobvrOisPlXjxgugvqqzz5AJuPJwEQRa03y-gyyaM__cWJ3qGDdMMTQEIiD8zXXF2h3E3WP8w93YsyBoDTql2nBIE4hXdVwDNiiHTiJ2AGdL-SuttHdGFcALug54linyHl5tCG&amp;__tn__=-]K-R\">CFCE Antigua<\/a><\/p>\n\n\n\n<figure class=\"wp-block-image size-large\"><img loading=\"lazy\" decoding=\"async\" width=\"719\" height=\"1024\" src=\"https:\/\/cooperacioninternacional.usac.edu.gt\/wp-content\/uploads\/2024\/07\/449840412_941617411101948_3242455846934239582_n-719x1024.jpg\" alt=\"\" class=\"wp-image-2033\"\/><\/figure>\n","protected":false},"excerpt":{"rendered":"<p>Workshop inicial sobre el bienestar de especies acu\u00e1ticas Dirigido a: Profesionales de las Autoridades Nacionales Competentes vinculadas al sector acu\u00edcola y al bienestar animal de especies acu\u00e1ticas y personal de centros de investigaci\u00f3n y universidades de Am\u00e9rica Latina y el Caribe. Cema Usac Cierre de convocatoria 12 de agosto, 2024 Postulaci\u00f3n en l\u00ednea: https:\/\/forms.office.com\/pages\/responsepage.aspx&#8230; Invita: [&hellip;]<\/p>\n","protected":false},"author":5,"featured_media":0,"comment_status":"open","ping_status":"open","sticky":false,"template":"","format":"standard","meta":{"_et_pb_use_builder":"off","_et_pb_old_content":"","_et_gb_content_width":"","footnotes":""},"categories":[37,1],"tags":[],"class_list":["post-2032","post","type-post","status-publish","format-standard","hentry","category-convocatoria-abierta","category-convocatorias"],"_links":{"self":[{"href":"https:\/\/cooperacioninternacional.usac.edu.gt\/index.php?rest_route=\/wp\/v2\/posts\/2032","targetHints":{"allow":["GET"]}}],"collection":[{"href":"https:\/\/cooperacioninternacional.usac.edu.gt\/index.php?rest_route=\/wp\/v2\/posts"}],"about":[{"href":"https:\/\/cooperacioninternacional.usac.edu.gt\/index.php?rest_route=\/wp\/v2\/types\/post"}],"author":[{"embeddable":true,"href":"https:\/\/cooperacioninternacional.usac.edu.gt\/index.php?rest_route=\/wp\/v2\/users\/5"}],"replies":[{"embeddable":true,"href":"https:\/\/cooperacioninternacional.usac.edu.gt\/index.php?rest_route=%2Fwp%2Fv2%2Fcomments&post=2032"}],"version-history":[{"count":1,"href":"https:\/\/cooperacioninternacional.usac.edu.gt\/index.php?rest_route=\/wp\/v2\/posts\/2032\/revisions"}],"predecessor-version":[{"id":2034,"href":"https:\/\/cooperacioninternacional.usac.edu.gt\/index.php?rest_route=\/wp\/v2\/posts\/2032\/revisions\/2034"}],"wp:attachment":[{"href":"https:\/\/cooperacioninternacional.usac.edu.gt\/index.php?rest_route=%2Fwp%2Fv2%2Fmedia&parent=2032"}],"wp:term":[{"taxonomy":"category","embeddable":true,"href":"https:\/\/cooperacioninternacional.usac.edu.gt\/index.php?rest_route=%2Fwp%2Fv2%2Fcategories&post=2032"},{"taxonomy":"post_tag","embeddable":true,"href":"https:\/\/cooperacioninternacional.usac.edu.gt\/index.php?rest_route=%2Fwp%2Fv2%2Ftags&post=2032"}],"curies":[{"name":"wp","href":"https:\/\/api.w.org\/{rel}","templated":true}]}}