{"id":2035,"date":"2024-07-10T17:47:11","date_gmt":"2024-07-10T17:47:11","guid":{"rendered":"https:\/\/cooperacioninternacional.usac.edu.gt\/?p=2035"},"modified":"2024-07-10T17:47:57","modified_gmt":"2024-07-10T17:47:57","slug":"festival-japones-en-la-universidad-de-san-carlos-de-guatemala","status":"publish","type":"post","link":"https:\/\/cooperacioninternacional.usac.edu.gt\/?p=2035","title":{"rendered":"\u00a1Festival Japon\u00e9s en la Universidad de San Carlos de Guatemala!"},"content":{"rendered":"\n<p><img loading=\"lazy\" decoding=\"async\" height=\"16\" width=\"16\" alt=\"\ud83c\uddef\ud83c\uddf5\" src=\"https:\/\/static.xx.fbcdn.net\/images\/emoji.php\/v9\/t76\/1\/16\/1f1ef_1f1f5.png\">Festival Japon\u00e9s en la <a href=\"https:\/\/www.facebook.com\/UsacOficial?__cft__[0]=AZWdBKC3YvNhnhVG-qLj4_NFhF2gd4O8E-DRM_UaiUcu0apw7kLw83Bj8ipTC8V6XfFg5WeeNmL-IHQKhxkhr47vKhLE_JZM9YJcBj4VCca09jIWonEH_ucsnA7_dfwAxM5I6i0T-E0hFcbESRXnadUY5LnnjWGunA2HcL3MTY-Tmkc4m1vFHSv1ouCiD_MPZ6_QzySHinZ3Esy7Pv2hfZ28&amp;__tn__=-]K-R\">Universidad de San Carlos de Guatemala<\/a><img loading=\"lazy\" decoding=\"async\" height=\"16\" width=\"16\" alt=\"\ud83c\udf8f\" src=\"https:\/\/static.xx.fbcdn.net\/images\/emoji.php\/v9\/t39\/1\/16\/1f38f.png\"><\/p>\n\n\n\n<p><img loading=\"lazy\" decoding=\"async\" height=\"16\" width=\"16\" alt=\"\ud83d\uddfa\ufe0f\" src=\"https:\/\/static.xx.fbcdn.net\/images\/emoji.php\/v9\/tc8\/1\/16\/1f5fa.png\"><a href=\"https:\/\/www.facebook.com\/cooperacionUSAC?__cft__[0]=AZWdBKC3YvNhnhVG-qLj4_NFhF2gd4O8E-DRM_UaiUcu0apw7kLw83Bj8ipTC8V6XfFg5WeeNmL-IHQKhxkhr47vKhLE_JZM9YJcBj4VCca09jIWonEH_ucsnA7_dfwAxM5I6i0T-E0hFcbESRXnadUY5LnnjWGunA2HcL3MTY-Tmkc4m1vFHSv1ouCiD_MPZ6_QzySHinZ3Esy7Pv2hfZ28&amp;__tn__=-]K-R\">Cooperaci\u00f3n y Relaciones Internacionales &#8211; USAC<\/a> en conjunto con <a href=\"https:\/\/www.facebook.com\/EmbajadaJaponGuatemala?__cft__[0]=AZWdBKC3YvNhnhVG-qLj4_NFhF2gd4O8E-DRM_UaiUcu0apw7kLw83Bj8ipTC8V6XfFg5WeeNmL-IHQKhxkhr47vKhLE_JZM9YJcBj4VCca09jIWonEH_ucsnA7_dfwAxM5I6i0T-E0hFcbESRXnadUY5LnnjWGunA2HcL3MTY-Tmkc4m1vFHSv1ouCiD_MPZ6_QzySHinZ3Esy7Pv2hfZ28&amp;__tn__=-]K-R\">Embajada del Jap\u00f3n en Guatemala<\/a> realizar\u00e1n una serie de actividades que te permitir\u00e1n conocer su cultura de forma directa:<\/p>\n\n\n\n<p><img loading=\"lazy\" decoding=\"async\" height=\"16\" width=\"16\" alt=\"\ud83c\udf8e\" src=\"https:\/\/static.xx.fbcdn.net\/images\/emoji.php\/v9\/tb8\/1\/16\/1f38e.png\"> Ven y t\u00f3mate fotos con trajes tradicionales de Jap\u00f3n<\/p>\n\n\n\n<p><img loading=\"lazy\" decoding=\"async\" height=\"16\" width=\"16\" alt=\"\ud83c\udfa8\" src=\"https:\/\/static.xx.fbcdn.net\/images\/emoji.php\/v9\/t82\/1\/16\/1f3a8.png\"><a><\/a>Aprender nociones b\u00e1sicas de manga (traer l\u00e1piz y borrador, resto de materiales los brindar\u00e1 la embajada)<\/p>\n\n\n\n<p><img loading=\"lazy\" decoding=\"async\" height=\"16\" width=\"16\" alt=\"\ud83d\udcda\" src=\"https:\/\/static.xx.fbcdn.net\/images\/emoji.php\/v9\/t49\/1\/16\/1f4da.png\"><img loading=\"lazy\" decoding=\"async\" height=\"16\" width=\"16\" alt=\"\u2708\ufe0f\" src=\"https:\/\/static.xx.fbcdn.net\/images\/emoji.php\/v9\/tb6\/1\/16\/2708.png\"> Prepara maletas y conoce la oferta becaria para estudiar en el pa\u00eds japon\u00e9s.<\/p>\n\n\n\n<p><img loading=\"lazy\" decoding=\"async\" height=\"16\" width=\"16\" alt=\"\ud83c\udfa5\" src=\"https:\/\/static.xx.fbcdn.net\/images\/emoji.php\/v9\/tff\/1\/16\/1f3a5.png\"> \u00bfte gusta el anime? No te pierdas la proyecci\u00f3n de: 5 cent\u00edmetros por segundo.<\/p>\n\n\n\n<p><img loading=\"lazy\" decoding=\"async\" height=\"16\" width=\"16\" alt=\"\ud83d\udcc4\" src=\"https:\/\/static.xx.fbcdn.net\/images\/emoji.php\/v9\/tfd\/1\/16\/1f4c4.png\"> Aprende sobre la t\u00e9cnica de origami.<\/p>\n\n\n\n<p><img loading=\"lazy\" decoding=\"async\" height=\"16\" width=\"16\" alt=\"\ud83d\udc40\" src=\"https:\/\/static.xx.fbcdn.net\/images\/emoji.php\/v9\/tc8\/1\/16\/1f440.png\"> Te esperamos este 01 de agosto en <a href=\"https:\/\/www.facebook.com\/FIUSAC?__cft__[0]=AZWdBKC3YvNhnhVG-qLj4_NFhF2gd4O8E-DRM_UaiUcu0apw7kLw83Bj8ipTC8V6XfFg5WeeNmL-IHQKhxkhr47vKhLE_JZM9YJcBj4VCca09jIWonEH_ucsnA7_dfwAxM5I6i0T-E0hFcbESRXnadUY5LnnjWGunA2HcL3MTY-Tmkc4m1vFHSv1ouCiD_MPZ6_QzySHinZ3Esy7Pv2hfZ28&amp;__tn__=-]K-R\">FIUSAC-Facultad de Ingenier\u00eda<\/a><\/p>\n\n\n\n<p><img loading=\"lazy\" decoding=\"async\" height=\"16\" width=\"16\" alt=\"\u23f0\" src=\"https:\/\/static.xx.fbcdn.net\/images\/emoji.php\/v9\/t34\/1\/16\/23f0.png\"> Desde las 10:00 am.<\/p>\n\n\n\n<figure class=\"wp-block-gallery has-nested-images columns-default is-cropped wp-block-gallery-1 is-layout-flex wp-block-gallery-is-layout-flex\">\n<figure class=\"wp-block-image size-large\"><img loading=\"lazy\" decoding=\"async\" width=\"1024\" height=\"1024\" data-id=\"2036\" src=\"https:\/\/cooperacioninternacional.usac.edu.gt\/wp-content\/uploads\/2024\/07\/Imagen-de-WhatsApp-2024-07-03-a-las-14.48.56_76ae5976-1024x1024.jpg\" alt=\"\" class=\"wp-image-2036\" srcset=\"https:\/\/cooperacioninternacional.usac.edu.gt\/wp-content\/uploads\/2024\/07\/Imagen-de-WhatsApp-2024-07-03-a-las-14.48.56_76ae5976-1024x1024.jpg 1024w, https:\/\/cooperacioninternacional.usac.edu.gt\/wp-content\/uploads\/2024\/07\/Imagen-de-WhatsApp-2024-07-03-a-las-14.48.56_76ae5976-980x980.jpg 980w, https:\/\/cooperacioninternacional.usac.edu.gt\/wp-content\/uploads\/2024\/07\/Imagen-de-WhatsApp-2024-07-03-a-las-14.48.56_76ae5976-480x480.jpg 480w\" sizes=\"(min-width: 0px) and (max-width: 480px) 480px, (min-width: 481px) and (max-width: 980px) 980px, (min-width: 981px) 1024px, 100vw\" \/><\/figure>\n<\/figure>\n\n\n\n<figure class=\"wp-block-image size-large\"><img loading=\"lazy\" decoding=\"async\" width=\"1024\" height=\"1024\" src=\"https:\/\/cooperacioninternacional.usac.edu.gt\/wp-content\/uploads\/2024\/07\/Imagen-de-WhatsApp-2024-07-03-a-las-14.48.57_d9459d2e-1-1024x1024.jpg\" alt=\"\" class=\"wp-image-2037\" srcset=\"https:\/\/cooperacioninternacional.usac.edu.gt\/wp-content\/uploads\/2024\/07\/Imagen-de-WhatsApp-2024-07-03-a-las-14.48.57_d9459d2e-1-1024x1024.jpg 1024w, https:\/\/cooperacioninternacional.usac.edu.gt\/wp-content\/uploads\/2024\/07\/Imagen-de-WhatsApp-2024-07-03-a-las-14.48.57_d9459d2e-1-980x980.jpg 980w, https:\/\/cooperacioninternacional.usac.edu.gt\/wp-content\/uploads\/2024\/07\/Imagen-de-WhatsApp-2024-07-03-a-las-14.48.57_d9459d2e-1-480x480.jpg 480w\" sizes=\"(min-width: 0px) and (max-width: 480px) 480px, (min-width: 481px) and (max-width: 980px) 980px, (min-width: 981px) 1024px, 100vw\" \/><\/figure>\n","protected":false},"excerpt":{"rendered":"<p>Festival Japon\u00e9s en la Universidad de San Carlos de Guatemala Cooperaci\u00f3n y Relaciones Internacionales &#8211; USAC en conjunto con Embajada del Jap\u00f3n en Guatemala realizar\u00e1n una serie de actividades que te permitir\u00e1n conocer su cultura de forma directa: Ven y t\u00f3mate fotos con trajes tradicionales de Jap\u00f3n Aprender nociones b\u00e1sicas de manga (traer l\u00e1piz y [&hellip;]<\/p>\n","protected":false},"author":5,"featured_media":2036,"comment_status":"open","ping_status":"open","sticky":false,"template":"","format":"standard","meta":{"_et_pb_use_builder":"off","_et_pb_old_content":"","_et_gb_content_width":"","footnotes":""},"categories":[10],"tags":[],"class_list":["post-2035","post","type-post","status-publish","format-standard","has-post-thumbnail","hentry","category-eventos"],"_links":{"self":[{"href":"https:\/\/cooperacioninternacional.usac.edu.gt\/index.php?rest_route=\/wp\/v2\/posts\/2035","targetHints":{"allow":["GET"]}}],"collection":[{"href":"https:\/\/cooperacioninternacional.usac.edu.gt\/index.php?rest_route=\/wp\/v2\/posts"}],"about":[{"href":"https:\/\/cooperacioninternacional.usac.edu.gt\/index.php?rest_route=\/wp\/v2\/types\/post"}],"author":[{"embeddable":true,"href":"https:\/\/cooperacioninternacional.usac.edu.gt\/index.php?rest_route=\/wp\/v2\/users\/5"}],"replies":[{"embeddable":true,"href":"https:\/\/cooperacioninternacional.usac.edu.gt\/index.php?rest_route=%2Fwp%2Fv2%2Fcomments&post=2035"}],"version-history":[{"count":1,"href":"https:\/\/cooperacioninternacional.usac.edu.gt\/index.php?rest_route=\/wp\/v2\/posts\/2035\/revisions"}],"predecessor-version":[{"id":2038,"href":"https:\/\/cooperacioninternacional.usac.edu.gt\/index.php?rest_route=\/wp\/v2\/posts\/2035\/revisions\/2038"}],"wp:featuredmedia":[{"embeddable":true,"href":"https:\/\/cooperacioninternacional.usac.edu.gt\/index.php?rest_route=\/wp\/v2\/media\/2036"}],"wp:attachment":[{"href":"https:\/\/cooperacioninternacional.usac.edu.gt\/index.php?rest_route=%2Fwp%2Fv2%2Fmedia&parent=2035"}],"wp:term":[{"taxonomy":"category","embeddable":true,"href":"https:\/\/cooperacioninternacional.usac.edu.gt\/index.php?rest_route=%2Fwp%2Fv2%2Fcategories&post=2035"},{"taxonomy":"post_tag","embeddable":true,"href":"https:\/\/cooperacioninternacional.usac.edu.gt\/index.php?rest_route=%2Fwp%2Fv2%2Ftags&post=2035"}],"curies":[{"name":"wp","href":"https:\/\/api.w.org\/{rel}","templated":true}]}}