{"id":2070,"date":"2024-07-26T15:29:00","date_gmt":"2024-07-26T15:29:00","guid":{"rendered":"https:\/\/cooperacioninternacional.usac.edu.gt\/?p=2070"},"modified":"2024-07-26T15:29:02","modified_gmt":"2024-07-26T15:29:02","slug":"en-el-marco-de-los-150-anos-de-relaciones-diplomaticas-entre-guatemala-y-turkiye-se-llevara-a-cabo-la-conferencia","status":"publish","type":"post","link":"https:\/\/cooperacioninternacional.usac.edu.gt\/?p=2070","title":{"rendered":"En el marco de los 150 a\u00f1os de relaciones diplom\u00e1ticas entre Guatemala y T\u00fcrkiye se llevar\u00e1 a cabo la conferencia:"},"content":{"rendered":"\n<p><img loading=\"lazy\" decoding=\"async\" height=\"16\" width=\"16\" alt=\"\ud83c\uddec\ud83c\uddf9\" src=\"https:\/\/static.xx.fbcdn.net\/images\/emoji.php\/v9\/t37\/1\/16\/1f1ec_1f1f9.png\"><img loading=\"lazy\" decoding=\"async\" height=\"16\" width=\"16\" alt=\"\ud83e\udd1d\ud83c\udffc\" src=\"https:\/\/static.xx.fbcdn.net\/images\/emoji.php\/v9\/t60\/1\/16\/1f91d_1f3fc.png\"><img loading=\"lazy\" decoding=\"async\" height=\"16\" width=\"16\" alt=\"\ud83c\uddf9\ud83c\uddf7\" src=\"https:\/\/static.xx.fbcdn.net\/images\/emoji.php\/v9\/tea\/1\/16\/1f1f9_1f1f7.png\"> En el marco de los 150 a\u00f1os de relaciones diplom\u00e1ticas entre Guatemala y T\u00fcrkiye se llevar\u00e1 a cabo la conferencia:<\/p>\n\n\n\n<p><img loading=\"lazy\" decoding=\"async\" height=\"16\" width=\"16\" alt=\"\ud83d\udc49\ud83c\udffc\" src=\"https:\/\/static.xx.fbcdn.net\/images\/emoji.php\/v9\/t8d\/1\/16\/1f449_1f3fc.png\"> \u201cEstambul y sus monumentos\u201d impartida por el Prof. Dr. Necati Kutlu .<\/p>\n\n\n\n<p><img loading=\"lazy\" decoding=\"async\" height=\"16\" width=\"16\" alt=\"\ud83d\ude4c\ud83c\udffb\" src=\"https:\/\/static.xx.fbcdn.net\/images\/emoji.php\/v9\/tb8\/1\/16\/1f64c_1f3fb.png\">El evento es organizado por <a href=\"https:\/\/www.facebook.com\/fahusac?__cft__[0]=AZVVYxeaWWB4aRf6-3ZmzLOPgGE89F6hAD7k6k_zQwltk4GvMqgVN_-CuwmtDgsdnOsmFliKj5eGqJgDPfTtONP9hYRUo320eop0Ii3nbtYAf-KHstPquD0mSsUxsszmqicg346Yp7bFRwyne72gJgT1VuTQeH2YFzNowcWtMgPeZbrbnPIPCeB6iIW0JKbuAIqTRgPt5bzAf6C6C3za6SKd&amp;__tn__=-]K-R\">Facultad de Humanidades<\/a> , <a href=\"https:\/\/www.facebook.com\/TC.GuatemalaBE?__cft__[0]=AZVVYxeaWWB4aRf6-3ZmzLOPgGE89F6hAD7k6k_zQwltk4GvMqgVN_-CuwmtDgsdnOsmFliKj5eGqJgDPfTtONP9hYRUo320eop0Ii3nbtYAf-KHstPquD0mSsUxsszmqicg346Yp7bFRwyne72gJgT1VuTQeH2YFzNowcWtMgPeZbrbnPIPCeB6iIW0JKbuAIqTRgPt5bzAf6C6C3za6SKd&amp;__tn__=-]K-R\">T\u00fcrkiye in Guatemala<\/a> y <a href=\"https:\/\/www.facebook.com\/cooperacionUSAC?__cft__[0]=AZVVYxeaWWB4aRf6-3ZmzLOPgGE89F6hAD7k6k_zQwltk4GvMqgVN_-CuwmtDgsdnOsmFliKj5eGqJgDPfTtONP9hYRUo320eop0Ii3nbtYAf-KHstPquD0mSsUxsszmqicg346Yp7bFRwyne72gJgT1VuTQeH2YFzNowcWtMgPeZbrbnPIPCeB6iIW0JKbuAIqTRgPt5bzAf6C6C3za6SKd&amp;__tn__=-]K-R\">Cooperaci\u00f3n y Relaciones Internacionales &#8211; USAC<\/a> . Adicional, agradecemos el apoyo de <a href=\"https:\/\/www.facebook.com\/EFPEMUSAC.oficial?__cft__[0]=AZVVYxeaWWB4aRf6-3ZmzLOPgGE89F6hAD7k6k_zQwltk4GvMqgVN_-CuwmtDgsdnOsmFliKj5eGqJgDPfTtONP9hYRUo320eop0Ii3nbtYAf-KHstPquD0mSsUxsszmqicg346Yp7bFRwyne72gJgT1VuTQeH2YFzNowcWtMgPeZbrbnPIPCeB6iIW0JKbuAIqTRgPt5bzAf6C6C3za6SKd&amp;__tn__=-]K-R\">EFPEM USAC Oficial<\/a> y de la unidad de protocolo de la <a href=\"https:\/\/www.facebook.com\/UsacOficial?__cft__[0]=AZVVYxeaWWB4aRf6-3ZmzLOPgGE89F6hAD7k6k_zQwltk4GvMqgVN_-CuwmtDgsdnOsmFliKj5eGqJgDPfTtONP9hYRUo320eop0Ii3nbtYAf-KHstPquD0mSsUxsszmqicg346Yp7bFRwyne72gJgT1VuTQeH2YFzNowcWtMgPeZbrbnPIPCeB6iIW0JKbuAIqTRgPt5bzAf6C6C3za6SKd&amp;__tn__=-]K-R\">Universidad de San Carlos de Guatemala<\/a> .<\/p>\n\n\n\n<p><a><\/a><img loading=\"lazy\" decoding=\"async\" height=\"16\" width=\"16\" alt=\"\ud83e\uddd1\ud83c\udffb\u200d\ud83d\udcbc\" src=\"https:\/\/static.xx.fbcdn.net\/images\/emoji.php\/v9\/t6f\/1\/16\/1f9d1_1f3fb_200d_1f4bc.png\"><img loading=\"lazy\" decoding=\"async\" height=\"16\" width=\"16\" alt=\"\ud83d\udc69\ud83c\udffb\u200d\ud83d\udcbc\" src=\"https:\/\/static.xx.fbcdn.net\/images\/emoji.php\/v9\/t5e\/1\/16\/1f469_1f3fb_200d_1f4bc.png\"> Te esperamos ma\u00f1ana a las 9:00 am en el auditorio del EFPEM.<\/p>\n\n\n\n<figure class=\"wp-block-image size-large\"><img loading=\"lazy\" decoding=\"async\" width=\"791\" height=\"1024\" src=\"https:\/\/cooperacioninternacional.usac.edu.gt\/wp-content\/uploads\/2024\/07\/451959962_948439463753076_1620752240210588080_n-1-791x1024.jpg\" alt=\"\" class=\"wp-image-2071\"\/><\/figure>\n\n\n","protected":false},"excerpt":{"rendered":"<p>En el marco de los 150 a\u00f1os de relaciones diplom\u00e1ticas entre Guatemala y T\u00fcrkiye se llevar\u00e1 a cabo la conferencia: \u201cEstambul y sus monumentos\u201d impartida por el Prof. Dr. Necati Kutlu . El evento es organizado por Facultad de Humanidades , T\u00fcrkiye in Guatemala y Cooperaci\u00f3n y Relaciones Internacionales &#8211; USAC . Adicional, agradecemos el [&hellip;]<\/p>\n","protected":false},"author":5,"featured_media":0,"comment_status":"open","ping_status":"open","sticky":false,"template":"","format":"standard","meta":{"_et_pb_use_builder":"off","_et_pb_old_content":"","_et_gb_content_width":"","footnotes":""},"categories":[9],"tags":[],"class_list":["post-2070","post","type-post","status-publish","format-standard","hentry","category-noticias"],"_links":{"self":[{"href":"https:\/\/cooperacioninternacional.usac.edu.gt\/index.php?rest_route=\/wp\/v2\/posts\/2070","targetHints":{"allow":["GET"]}}],"collection":[{"href":"https:\/\/cooperacioninternacional.usac.edu.gt\/index.php?rest_route=\/wp\/v2\/posts"}],"about":[{"href":"https:\/\/cooperacioninternacional.usac.edu.gt\/index.php?rest_route=\/wp\/v2\/types\/post"}],"author":[{"embeddable":true,"href":"https:\/\/cooperacioninternacional.usac.edu.gt\/index.php?rest_route=\/wp\/v2\/users\/5"}],"replies":[{"embeddable":true,"href":"https:\/\/cooperacioninternacional.usac.edu.gt\/index.php?rest_route=%2Fwp%2Fv2%2Fcomments&post=2070"}],"version-history":[{"count":1,"href":"https:\/\/cooperacioninternacional.usac.edu.gt\/index.php?rest_route=\/wp\/v2\/posts\/2070\/revisions"}],"predecessor-version":[{"id":2072,"href":"https:\/\/cooperacioninternacional.usac.edu.gt\/index.php?rest_route=\/wp\/v2\/posts\/2070\/revisions\/2072"}],"wp:attachment":[{"href":"https:\/\/cooperacioninternacional.usac.edu.gt\/index.php?rest_route=%2Fwp%2Fv2%2Fmedia&parent=2070"}],"wp:term":[{"taxonomy":"category","embeddable":true,"href":"https:\/\/cooperacioninternacional.usac.edu.gt\/index.php?rest_route=%2Fwp%2Fv2%2Fcategories&post=2070"},{"taxonomy":"post_tag","embeddable":true,"href":"https:\/\/cooperacioninternacional.usac.edu.gt\/index.php?rest_route=%2Fwp%2Fv2%2Ftags&post=2070"}],"curies":[{"name":"wp","href":"https:\/\/api.w.org\/{rel}","templated":true}]}}