{"id":2112,"date":"2024-08-05T18:07:35","date_gmt":"2024-08-05T18:07:35","guid":{"rendered":"https:\/\/cooperacioninternacional.usac.edu.gt\/?p=2112"},"modified":"2024-08-05T18:07:37","modified_gmt":"2024-08-05T18:07:37","slug":"el-festival-de-japon-en-universidad-de-san-carlos-de-guatemala-fue-un-exito","status":"publish","type":"post","link":"https:\/\/cooperacioninternacional.usac.edu.gt\/?p=2112","title":{"rendered":"El Festival de Jap\u00f3n en Universidad de San Carlos de Guatemala fue un \u00e9xito"},"content":{"rendered":"\n<p><img loading=\"lazy\" decoding=\"async\" height=\"16\" width=\"16\" alt=\"\ud83c\uddec\ud83c\uddf9\" src=\"https:\/\/static.xx.fbcdn.net\/images\/emoji.php\/v9\/t37\/1\/16\/1f1ec_1f1f9.png\"><img loading=\"lazy\" decoding=\"async\" height=\"16\" width=\"16\" alt=\"\ud83e\udd1d\ud83c\udffc\" src=\"https:\/\/static.xx.fbcdn.net\/images\/emoji.php\/v9\/t60\/1\/16\/1f91d_1f3fc.png\"><img loading=\"lazy\" decoding=\"async\" height=\"16\" width=\"16\" alt=\"\ud83c\uddef\ud83c\uddf5\" src=\"https:\/\/static.xx.fbcdn.net\/images\/emoji.php\/v9\/t76\/1\/16\/1f1ef_1f1f5.png\"> El Festival de Jap\u00f3n en <a href=\"https:\/\/www.facebook.com\/UsacOficial?__cft__[0]=AZXZ-Cg2OyaJn2jxNd-Rxk1QHTbi7SI1OWyaHj6bVs1EC9hlGnhcOqC393r-8EG5QlP1bAhIN61KMsS6SDe4JtQwWxbOKRazEt0D2oYABjiM0_VfufqR8DC0ZjMeXFpoqwCZH2eKqP6n0hzZCBKieMdQakb2W5WmQ6Ka0WMunmGV-R7mvLS3no2gHQciegL4yl4g_M56gumI9ntXNvYB4lfD&amp;__tn__=-]K-R\">Universidad de San Carlos de Guatemala<\/a> fue un \u00e9xito <img loading=\"lazy\" decoding=\"async\" height=\"16\" width=\"16\" alt=\"\ud83d\udc4f\ud83c\udffc\" src=\"https:\/\/static.xx.fbcdn.net\/images\/emoji.php\/v9\/t7a\/1\/16\/1f44f_1f3fc.png\"><\/p>\n\n\n\n<p><img loading=\"lazy\" decoding=\"async\" height=\"16\" width=\"16\" alt=\"\ud83d\udc65\" src=\"https:\/\/static.xx.fbcdn.net\/images\/emoji.php\/v9\/t8b\/1\/16\/1f465.png\"> Gracias a los m\u00e1s de 600 sancarlistas que se sumaron a las actividades que fortalecen la internacionalizaci\u00f3n de la educaci\u00f3n superior.<\/p>\n\n\n\n<p><img loading=\"lazy\" decoding=\"async\" height=\"16\" width=\"16\" alt=\"\ud83d\udcda\" src=\"https:\/\/static.xx.fbcdn.net\/images\/emoji.php\/v9\/t49\/1\/16\/1f4da.png\"><img loading=\"lazy\" decoding=\"async\" height=\"16\" width=\"16\" alt=\"\ud83c\udfa5\" src=\"https:\/\/static.xx.fbcdn.net\/images\/emoji.php\/v9\/tff\/1\/16\/1f3a5.png\"><img loading=\"lazy\" decoding=\"async\" height=\"16\" width=\"16\" alt=\"\ud83c\udfa8\" src=\"https:\/\/static.xx.fbcdn.net\/images\/emoji.php\/v9\/t82\/1\/16\/1f3a8.png\"><img loading=\"lazy\" decoding=\"async\" height=\"16\" width=\"16\" alt=\"\ud83d\udc58\" src=\"https:\/\/static.xx.fbcdn.net\/images\/emoji.php\/v9\/t6f\/1\/16\/1f458.png\"> Durante el d\u00eda se llevaron a cabo diversas actividades, entre ellas:<\/p>\n\n\n\n<p>&#8211; <a><\/a>Escritura en idioma japon\u00e9s<\/p>\n\n\n\n<p>&#8211; Fotos con trajes tradicionales del Jap\u00f3n<\/p>\n\n\n\n<p>&#8211; Taller de origami<\/p>\n\n\n\n<p>&#8211; Proyecci\u00f3n de anime<\/p>\n\n\n\n<p>&#8211; Conferencia sobre oferta becaria<\/p>\n\n\n\n<p>&#8211; Taller de manga<\/p>\n\n\n\n<p><img loading=\"lazy\" decoding=\"async\" height=\"16\" width=\"16\" alt=\"\ud83d\udd0e\" src=\"https:\/\/static.xx.fbcdn.net\/images\/emoji.php\/v9\/t42\/1\/16\/1f50e.png\"> El objetivo del evento era sumergirnos en la rica tradici\u00f3n y la fascinante cultura de este maravilloso pa\u00eds asi\u00e1tico. Es de suma importancia conocer y apreciar la diversidad cultural de Jap\u00f3n, ya que nos enriquece como personas y nos permite comprender mejor a una de las naciones m\u00e1s fascinantes del mundo.<\/p>\n\n\n\n<p><img loading=\"lazy\" decoding=\"async\" height=\"16\" width=\"16\" alt=\"\ud83c\udf38\" src=\"https:\/\/static.xx.fbcdn.net\/images\/emoji.php\/v9\/tf0\/1\/16\/1f338.png\"> El evento organizado por <a href=\"https:\/\/www.facebook.com\/cooperacionUSAC?__cft__[0]=AZXZ-Cg2OyaJn2jxNd-Rxk1QHTbi7SI1OWyaHj6bVs1EC9hlGnhcOqC393r-8EG5QlP1bAhIN61KMsS6SDe4JtQwWxbOKRazEt0D2oYABjiM0_VfufqR8DC0ZjMeXFpoqwCZH2eKqP6n0hzZCBKieMdQakb2W5WmQ6Ka0WMunmGV-R7mvLS3no2gHQciegL4yl4g_M56gumI9ntXNvYB4lfD&amp;__tn__=-]K-R\">Cooperaci\u00f3n y Relaciones Internacionales &#8211; USAC<\/a> fue posible gracias al trabajo en conjunto de la <a href=\"https:\/\/www.facebook.com\/EmbajadaJaponGuatemala?__cft__[0]=AZXZ-Cg2OyaJn2jxNd-Rxk1QHTbi7SI1OWyaHj6bVs1EC9hlGnhcOqC393r-8EG5QlP1bAhIN61KMsS6SDe4JtQwWxbOKRazEt0D2oYABjiM0_VfufqR8DC0ZjMeXFpoqwCZH2eKqP6n0hzZCBKieMdQakb2W5WmQ6Ka0WMunmGV-R7mvLS3no2gHQciegL4yl4g_M56gumI9ntXNvYB4lfD&amp;__tn__=-]K-R\">Embajada del Jap\u00f3n en Guatemala<\/a> y <a href=\"https:\/\/www.facebook.com\/USACFacultadDeIngenieria?__cft__[0]=AZXZ-Cg2OyaJn2jxNd-Rxk1QHTbi7SI1OWyaHj6bVs1EC9hlGnhcOqC393r-8EG5QlP1bAhIN61KMsS6SDe4JtQwWxbOKRazEt0D2oYABjiM0_VfufqR8DC0ZjMeXFpoqwCZH2eKqP6n0hzZCBKieMdQakb2W5WmQ6Ka0WMunmGV-R7mvLS3no2gHQciegL4yl4g_M56gumI9ntXNvYB4lfD&amp;__tn__=-]K-R\">USAC-Facultad de Ingenier\u00eda<\/a> .<\/p>\n\n\n\n<p>Gracias <a href=\"https:\/\/www.facebook.com\/TelevisionUSAC?__cft__[0]=AZXZ-Cg2OyaJn2jxNd-Rxk1QHTbi7SI1OWyaHj6bVs1EC9hlGnhcOqC393r-8EG5QlP1bAhIN61KMsS6SDe4JtQwWxbOKRazEt0D2oYABjiM0_VfufqR8DC0ZjMeXFpoqwCZH2eKqP6n0hzZCBKieMdQakb2W5WmQ6Ka0WMunmGV-R7mvLS3no2gHQciegL4yl4g_M56gumI9ntXNvYB4lfD&amp;__tn__=-]K-R\">TV USAC<\/a> , <a href=\"https:\/\/www.facebook.com\/USACDiga?__cft__[0]=AZXZ-Cg2OyaJn2jxNd-Rxk1QHTbi7SI1OWyaHj6bVs1EC9hlGnhcOqC393r-8EG5QlP1bAhIN61KMsS6SDe4JtQwWxbOKRazEt0D2oYABjiM0_VfufqR8DC0ZjMeXFpoqwCZH2eKqP6n0hzZCBKieMdQakb2W5WmQ6Ka0WMunmGV-R7mvLS3no2gHQciegL4yl4g_M56gumI9ntXNvYB4lfD&amp;__tn__=-]K-R\">Direcci\u00f3n General de Administraci\u00f3n USAC<\/a>por el apoyo t\u00e9cnico y a la divisi\u00f3n de publicidad por cubrir el evento.<\/p>\n\n\n\n<figure class=\"wp-block-gallery has-nested-images columns-default is-cropped wp-block-gallery-1 is-layout-flex wp-block-gallery-is-layout-flex\">\n<figure class=\"wp-block-image size-large\"><img loading=\"lazy\" decoding=\"async\" width=\"640\" height=\"359\" data-id=\"2114\" src=\"https:\/\/cooperacioninternacional.usac.edu.gt\/wp-content\/uploads\/2024\/08\/453408831_956406646289691_3218037461723374941_n.jpg\" alt=\"\" class=\"wp-image-2114\" srcset=\"https:\/\/cooperacioninternacional.usac.edu.gt\/wp-content\/uploads\/2024\/08\/453408831_956406646289691_3218037461723374941_n.jpg 640w, https:\/\/cooperacioninternacional.usac.edu.gt\/wp-content\/uploads\/2024\/08\/453408831_956406646289691_3218037461723374941_n-480x269.jpg 480w\" sizes=\"(min-width: 0px) and (max-width: 480px) 480px, (min-width: 481px) 640px, 100vw\" \/><\/figure>\n\n\n\n<figure class=\"wp-block-image size-large\"><img loading=\"lazy\" decoding=\"async\" width=\"1024\" height=\"683\" data-id=\"2115\" src=\"https:\/\/cooperacioninternacional.usac.edu.gt\/wp-content\/uploads\/2024\/08\/453435025_956413156289040_9219400499520020910_n-1024x683.jpg\" alt=\"\" class=\"wp-image-2115\" srcset=\"https:\/\/cooperacioninternacional.usac.edu.gt\/wp-content\/uploads\/2024\/08\/453435025_956413156289040_9219400499520020910_n-980x653.jpg 980w, https:\/\/cooperacioninternacional.usac.edu.gt\/wp-content\/uploads\/2024\/08\/453435025_956413156289040_9219400499520020910_n-480x320.jpg 480w\" sizes=\"(min-width: 0px) and (max-width: 480px) 480px, (min-width: 481px) and (max-width: 980px) 980px, (min-width: 981px) 1024px, 100vw\" \/><\/figure>\n\n\n\n<figure class=\"wp-block-image size-large\"><img loading=\"lazy\" decoding=\"async\" width=\"1024\" height=\"576\" data-id=\"2119\" src=\"https:\/\/cooperacioninternacional.usac.edu.gt\/wp-content\/uploads\/2024\/08\/453484759_956413936288962_50666454925446189_n-1024x576.jpg\" alt=\"\" class=\"wp-image-2119\" srcset=\"https:\/\/cooperacioninternacional.usac.edu.gt\/wp-content\/uploads\/2024\/08\/453484759_956413936288962_50666454925446189_n-980x551.jpg 980w, https:\/\/cooperacioninternacional.usac.edu.gt\/wp-content\/uploads\/2024\/08\/453484759_956413936288962_50666454925446189_n-480x270.jpg 480w\" sizes=\"(min-width: 0px) and (max-width: 480px) 480px, (min-width: 481px) and (max-width: 980px) 980px, (min-width: 981px) 1024px, 100vw\" \/><\/figure>\n\n\n\n<figure class=\"wp-block-image size-large\"><img loading=\"lazy\" decoding=\"async\" width=\"1024\" height=\"683\" data-id=\"2118\" src=\"https:\/\/cooperacioninternacional.usac.edu.gt\/wp-content\/uploads\/2024\/08\/453484790_956413212955701_5532916044690928203_n-1024x683.jpg\" alt=\"\" class=\"wp-image-2118\" srcset=\"https:\/\/cooperacioninternacional.usac.edu.gt\/wp-content\/uploads\/2024\/08\/453484790_956413212955701_5532916044690928203_n-980x653.jpg 980w, https:\/\/cooperacioninternacional.usac.edu.gt\/wp-content\/uploads\/2024\/08\/453484790_956413212955701_5532916044690928203_n-480x320.jpg 480w\" sizes=\"(min-width: 0px) and (max-width: 480px) 480px, (min-width: 481px) and (max-width: 980px) 980px, (min-width: 981px) 1024px, 100vw\" \/><\/figure>\n\n\n\n<figure class=\"wp-block-image size-large\"><img loading=\"lazy\" decoding=\"async\" width=\"1024\" height=\"683\" data-id=\"2120\" src=\"https:\/\/cooperacioninternacional.usac.edu.gt\/wp-content\/uploads\/2024\/08\/453627062_956413266289029_184436978829260665_n-1024x683.jpg\" alt=\"\" class=\"wp-image-2120\" srcset=\"https:\/\/cooperacioninternacional.usac.edu.gt\/wp-content\/uploads\/2024\/08\/453627062_956413266289029_184436978829260665_n-980x653.jpg 980w, https:\/\/cooperacioninternacional.usac.edu.gt\/wp-content\/uploads\/2024\/08\/453627062_956413266289029_184436978829260665_n-480x320.jpg 480w\" sizes=\"(min-width: 0px) and (max-width: 480px) 480px, (min-width: 481px) and (max-width: 980px) 980px, (min-width: 981px) 1024px, 100vw\" \/><\/figure>\n\n\n\n<figure class=\"wp-block-image size-large\"><img loading=\"lazy\" decoding=\"async\" width=\"960\" height=\"640\" data-id=\"2117\" src=\"https:\/\/cooperacioninternacional.usac.edu.gt\/wp-content\/uploads\/2024\/08\/453628591_956406892956333_4439179407330116594_n.jpg\" alt=\"\" class=\"wp-image-2117\" srcset=\"https:\/\/cooperacioninternacional.usac.edu.gt\/wp-content\/uploads\/2024\/08\/453628591_956406892956333_4439179407330116594_n.jpg 960w, https:\/\/cooperacioninternacional.usac.edu.gt\/wp-content\/uploads\/2024\/08\/453628591_956406892956333_4439179407330116594_n-480x320.jpg 480w\" sizes=\"(min-width: 0px) and (max-width: 480px) 480px, (min-width: 481px) 960px, 100vw\" \/><\/figure>\n\n\n\n<figure class=\"wp-block-image size-large\"><img loading=\"lazy\" decoding=\"async\" width=\"1024\" height=\"683\" data-id=\"2116\" src=\"https:\/\/cooperacioninternacional.usac.edu.gt\/wp-content\/uploads\/2024\/08\/453751532_956413129622376_1750624025110769183_n-1024x683.jpg\" alt=\"\" class=\"wp-image-2116\" srcset=\"https:\/\/cooperacioninternacional.usac.edu.gt\/wp-content\/uploads\/2024\/08\/453751532_956413129622376_1750624025110769183_n-980x653.jpg 980w, https:\/\/cooperacioninternacional.usac.edu.gt\/wp-content\/uploads\/2024\/08\/453751532_956413129622376_1750624025110769183_n-480x320.jpg 480w\" sizes=\"(min-width: 0px) and (max-width: 480px) 480px, (min-width: 481px) and (max-width: 980px) 980px, (min-width: 981px) 1024px, 100vw\" \/><\/figure>\n<\/figure>\n","protected":false},"excerpt":{"rendered":"<p>El Festival de Jap\u00f3n en Universidad de San Carlos de Guatemala fue un \u00e9xito Gracias a los m\u00e1s de 600 sancarlistas que se sumaron a las actividades que fortalecen la internacionalizaci\u00f3n de la educaci\u00f3n superior. Durante el d\u00eda se llevaron a cabo diversas actividades, entre ellas: &#8211; Escritura en idioma japon\u00e9s &#8211; Fotos con trajes [&hellip;]<\/p>\n","protected":false},"author":5,"featured_media":2114,"comment_status":"open","ping_status":"open","sticky":false,"template":"","format":"standard","meta":{"_et_pb_use_builder":"off","_et_pb_old_content":"","_et_gb_content_width":"","footnotes":""},"categories":[9],"tags":[],"class_list":["post-2112","post","type-post","status-publish","format-standard","has-post-thumbnail","hentry","category-noticias"],"_links":{"self":[{"href":"https:\/\/cooperacioninternacional.usac.edu.gt\/index.php?rest_route=\/wp\/v2\/posts\/2112","targetHints":{"allow":["GET"]}}],"collection":[{"href":"https:\/\/cooperacioninternacional.usac.edu.gt\/index.php?rest_route=\/wp\/v2\/posts"}],"about":[{"href":"https:\/\/cooperacioninternacional.usac.edu.gt\/index.php?rest_route=\/wp\/v2\/types\/post"}],"author":[{"embeddable":true,"href":"https:\/\/cooperacioninternacional.usac.edu.gt\/index.php?rest_route=\/wp\/v2\/users\/5"}],"replies":[{"embeddable":true,"href":"https:\/\/cooperacioninternacional.usac.edu.gt\/index.php?rest_route=%2Fwp%2Fv2%2Fcomments&post=2112"}],"version-history":[{"count":2,"href":"https:\/\/cooperacioninternacional.usac.edu.gt\/index.php?rest_route=\/wp\/v2\/posts\/2112\/revisions"}],"predecessor-version":[{"id":2121,"href":"https:\/\/cooperacioninternacional.usac.edu.gt\/index.php?rest_route=\/wp\/v2\/posts\/2112\/revisions\/2121"}],"wp:featuredmedia":[{"embeddable":true,"href":"https:\/\/cooperacioninternacional.usac.edu.gt\/index.php?rest_route=\/wp\/v2\/media\/2114"}],"wp:attachment":[{"href":"https:\/\/cooperacioninternacional.usac.edu.gt\/index.php?rest_route=%2Fwp%2Fv2%2Fmedia&parent=2112"}],"wp:term":[{"taxonomy":"category","embeddable":true,"href":"https:\/\/cooperacioninternacional.usac.edu.gt\/index.php?rest_route=%2Fwp%2Fv2%2Fcategories&post=2112"},{"taxonomy":"post_tag","embeddable":true,"href":"https:\/\/cooperacioninternacional.usac.edu.gt\/index.php?rest_route=%2Fwp%2Fv2%2Ftags&post=2112"}],"curies":[{"name":"wp","href":"https:\/\/api.w.org\/{rel}","templated":true}]}}