{"id":2125,"date":"2024-08-13T17:56:53","date_gmt":"2024-08-13T17:56:53","guid":{"rendered":"https:\/\/cooperacioninternacional.usac.edu.gt\/?p=2125"},"modified":"2024-08-13T17:56:55","modified_gmt":"2024-08-13T17:56:55","slug":"convocatoria-abierta-para-becas-de-turco","status":"publish","type":"post","link":"https:\/\/cooperacioninternacional.usac.edu.gt\/?p=2125","title":{"rendered":"\u00a1Convocatoria Abierta para Becas de Turco!"},"content":{"rendered":"\n<p><img loading=\"lazy\" decoding=\"async\" height=\"16\" width=\"16\" alt=\"\ud83c\uddf9\ud83c\uddf7\" src=\"https:\/\/static.xx.fbcdn.net\/images\/emoji.php\/v9\/tea\/1\/16\/1f1f9_1f1f7.png\"><img loading=\"lazy\" decoding=\"async\" height=\"16\" width=\"16\" alt=\"\ud83c\udf1f\" src=\"https:\/\/static.xx.fbcdn.net\/images\/emoji.php\/v9\/te0\/1\/16\/1f31f.png\"> \u00a1Convocatoria Abierta para Becas de Turco!<\/p>\n\n\n\n<p>Turqu\u00eda te invita a aplicar al Programa de Becas de Lengua Turca (KAT\u0130P) para el periodo 2024-2025.<\/p>\n\n\n\n<p><img loading=\"lazy\" decoding=\"async\" height=\"16\" width=\"16\" alt=\"\ud83d\ude4c\ud83c\udffb\" src=\"https:\/\/static.xx.fbcdn.net\/images\/emoji.php\/v9\/tb8\/1\/16\/1f64c_1f3fb.png\"> Esta es tu oportunidad de aprender turco y ampliar tus horizontes profesionales.<\/p>\n\n\n\n<p><img loading=\"lazy\" decoding=\"async\" height=\"16\" width=\"16\" alt=\"\ud83d\udcc5\" src=\"https:\/\/static.xx.fbcdn.net\/images\/emoji.php\/v9\/t7e\/1\/16\/1f4c5.png\"><a><\/a>Tienes hasta el 16 de agosto para poder aplicar.<\/p>\n\n\n\n<p><img loading=\"lazy\" decoding=\"async\" height=\"16\" width=\"16\" alt=\"\ud83d\udd17\" src=\"https:\/\/static.xx.fbcdn.net\/images\/emoji.php\/v9\/tb3\/1\/16\/1f517.png\"> Inscr\u00edbete aqu\u00ed: <a href=\"https:\/\/tbbs.turkiyeburslari.gov.tr\/?fbclid=IwZXh0bgNhZW0CMTAAAR0Nk9umwxu8QFWmsGjhyJLfhbVlTvtvD4Ey4MyE0Z4P85SJU1fymVTrEYA_aem_x869QGqoOWD1AS1lLSPr4g\" rel=\"noreferrer noopener\" target=\"_blank\">https:\/\/tbbs.turkiyeburslari.gov.tr\/<\/a><\/p>\n\n\n\n<p><img loading=\"lazy\" decoding=\"async\" height=\"16\" width=\"16\" alt=\"\ud83d\udc40\" src=\"https:\/\/static.xx.fbcdn.net\/images\/emoji.php\/v9\/tc8\/1\/16\/1f440.png\"> Las becas est\u00e1n dirigidas a:<\/p>\n\n\n\n<p>Funcionarios p\u00fablicos, diplom\u00e1ticos, acad\u00e9micos e investigadores la oportunidad de sumergirse profundamente en el idioma y la cultura turcos.<\/p>\n\n\n\n<p><img loading=\"lazy\" decoding=\"async\" height=\"16\" width=\"16\" alt=\"\u2705\" src=\"https:\/\/static.xx.fbcdn.net\/images\/emoji.php\/v9\/t33\/1\/16\/2705.png\"> El programa tiene como objetivo fortalecer los lazos entre T\u00fcrkiye y los pa\u00edses de los participantes, al tiempo que les brinda la oportunidad de obtener una comprensi\u00f3n m\u00e1s profunda de la cultura y la sociedad turcas.<\/p>\n\n\n\n<p><img loading=\"lazy\" decoding=\"async\" height=\"16\" width=\"16\" alt=\"\ud83d\udc4f\ud83c\udffc\" src=\"https:\/\/static.xx.fbcdn.net\/images\/emoji.php\/v9\/t7a\/1\/16\/1f44f_1f3fc.png\"> Adem\u00e1s, los participantes de KAT\u0130P tienen la oportunidad de participar en experiencias enriquecedoras, como seminarios dirigidos por profesores de renombre, excursiones culturales a varias regiones de Turqu\u00eda, talleres que exploran las artes turcas, actividades deportivas tradicionales y visitas institucionales. Promoviendo la cooperaci\u00f3n sostenible entre T\u00fcrkiye y otros pa\u00edses y apoyando el intercambio cultural, KAT\u0130P ofrece a los participantes una experiencia \u00fanica.<\/p>\n\n\n\n<p>Para m\u00e1s informaci\u00f3n, escribe al correo katip@ytb.gov.tr<\/p>\n\n\n\n<figure class=\"wp-block-image size-large\"><img loading=\"lazy\" decoding=\"async\" width=\"819\" height=\"1024\" src=\"https:\/\/cooperacioninternacional.usac.edu.gt\/wp-content\/uploads\/2024\/08\/454576934_960736605856695_6152940316536588148_n-819x1024.jpg\" alt=\"\" class=\"wp-image-2126\"\/><\/figure>\n","protected":false},"excerpt":{"rendered":"<p>\u00a1Convocatoria Abierta para Becas de Turco! Turqu\u00eda te invita a aplicar al Programa de Becas de Lengua Turca (KAT\u0130P) para el periodo 2024-2025. Esta es tu oportunidad de aprender turco y ampliar tus horizontes profesionales. Tienes hasta el 16 de agosto para poder aplicar. Inscr\u00edbete aqu\u00ed: https:\/\/tbbs.turkiyeburslari.gov.tr\/ Las becas est\u00e1n dirigidas a: Funcionarios p\u00fablicos, diplom\u00e1ticos, [&hellip;]<\/p>\n","protected":false},"author":5,"featured_media":2126,"comment_status":"open","ping_status":"open","sticky":false,"template":"","format":"standard","meta":{"_et_pb_use_builder":"off","_et_pb_old_content":"","_et_gb_content_width":"","footnotes":""},"categories":[37],"tags":[],"class_list":["post-2125","post","type-post","status-publish","format-standard","has-post-thumbnail","hentry","category-convocatoria-abierta"],"_links":{"self":[{"href":"https:\/\/cooperacioninternacional.usac.edu.gt\/index.php?rest_route=\/wp\/v2\/posts\/2125","targetHints":{"allow":["GET"]}}],"collection":[{"href":"https:\/\/cooperacioninternacional.usac.edu.gt\/index.php?rest_route=\/wp\/v2\/posts"}],"about":[{"href":"https:\/\/cooperacioninternacional.usac.edu.gt\/index.php?rest_route=\/wp\/v2\/types\/post"}],"author":[{"embeddable":true,"href":"https:\/\/cooperacioninternacional.usac.edu.gt\/index.php?rest_route=\/wp\/v2\/users\/5"}],"replies":[{"embeddable":true,"href":"https:\/\/cooperacioninternacional.usac.edu.gt\/index.php?rest_route=%2Fwp%2Fv2%2Fcomments&post=2125"}],"version-history":[{"count":1,"href":"https:\/\/cooperacioninternacional.usac.edu.gt\/index.php?rest_route=\/wp\/v2\/posts\/2125\/revisions"}],"predecessor-version":[{"id":2127,"href":"https:\/\/cooperacioninternacional.usac.edu.gt\/index.php?rest_route=\/wp\/v2\/posts\/2125\/revisions\/2127"}],"wp:featuredmedia":[{"embeddable":true,"href":"https:\/\/cooperacioninternacional.usac.edu.gt\/index.php?rest_route=\/wp\/v2\/media\/2126"}],"wp:attachment":[{"href":"https:\/\/cooperacioninternacional.usac.edu.gt\/index.php?rest_route=%2Fwp%2Fv2%2Fmedia&parent=2125"}],"wp:term":[{"taxonomy":"category","embeddable":true,"href":"https:\/\/cooperacioninternacional.usac.edu.gt\/index.php?rest_route=%2Fwp%2Fv2%2Fcategories&post=2125"},{"taxonomy":"post_tag","embeddable":true,"href":"https:\/\/cooperacioninternacional.usac.edu.gt\/index.php?rest_route=%2Fwp%2Fv2%2Ftags&post=2125"}],"curies":[{"name":"wp","href":"https:\/\/api.w.org\/{rel}","templated":true}]}}