{"id":2132,"date":"2024-08-16T16:09:17","date_gmt":"2024-08-16T16:09:17","guid":{"rendered":"https:\/\/cooperacioninternacional.usac.edu.gt\/?p=2132"},"modified":"2024-08-16T16:09:19","modified_gmt":"2024-08-16T16:09:19","slug":"universidad-de-san-carlos-de-guatemala-presente-en-el-xvii-congreso-centroamericano-de-historia","status":"publish","type":"post","link":"https:\/\/cooperacioninternacional.usac.edu.gt\/?p=2132","title":{"rendered":"Universidad de San Carlos de Guatemala presente en el XVII Congreso Centroamericano De Historia"},"content":{"rendered":"\n<p><img loading=\"lazy\" decoding=\"async\" height=\"16\" width=\"16\" alt=\"\ud83c\uddec\ud83c\uddf9\" src=\"https:\/\/static.xx.fbcdn.net\/images\/emoji.php\/v9\/t37\/1\/16\/1f1ec_1f1f9.png\"><a href=\"https:\/\/www.facebook.com\/UsacOficial?__cft__[0]=AZWBTD1BGOB1xIf0c_pkJNCfxcuMAUReDHbYGB-lzo4OyYIek75auWnKNhszpQBJrT0GFUe6JROnYQLEK7CgtxM5Fwhg0n63g1hzSjIQbESEhbyknZEzbcQricob_ynB2LTH2VTEhfLSoh9zdF0JpfMmpaXoCQY-XclmjCxjHcrpbpv3L2JMIEgmMxi1BXT9IjpQPe9f3lkBob07vvB0DJh6&amp;__tn__=-]K-R\">Universidad de San Carlos de Guatemala<\/a> presente en el XVII Congreso Centroamericano De Historia <img loading=\"lazy\" decoding=\"async\" height=\"16\" width=\"16\" alt=\"\ud83c\udded\ud83c\uddf3\" src=\"https:\/\/static.xx.fbcdn.net\/images\/emoji.php\/v9\/tf2\/1\/16\/1f1ed_1f1f3.png\"><\/p>\n\n\n\n<p><img loading=\"lazy\" decoding=\"async\" height=\"16\" width=\"16\" alt=\"\ud83d\udc69\ud83c\udffb\u200d\ud83d\udcbc\" src=\"https:\/\/static.xx.fbcdn.net\/images\/emoji.php\/v9\/t5e\/1\/16\/1f469_1f3fb_200d_1f4bc.png\"><img loading=\"lazy\" decoding=\"async\" height=\"16\" width=\"16\" alt=\"\ud83d\udc69\ud83c\udffd\u200d\ud83d\udcbc\" src=\"https:\/\/static.xx.fbcdn.net\/images\/emoji.php\/v9\/t1c\/1\/16\/1f469_1f3fd_200d_1f4bc.png\"> Profesionales del <a href=\"https:\/\/www.facebook.com\/profile.php?id=100083445874851&amp;__cft__[0]=AZWBTD1BGOB1xIf0c_pkJNCfxcuMAUReDHbYGB-lzo4OyYIek75auWnKNhszpQBJrT0GFUe6JROnYQLEK7CgtxM5Fwhg0n63g1hzSjIQbESEhbyknZEzbcQricob_ynB2LTH2VTEhfLSoh9zdF0JpfMmpaXoCQY-XclmjCxjHcrpbpv3L2JMIEgmMxi1BXT9IjpQPe9f3lkBob07vvB0DJh6&amp;__tn__=-]K-R\">Instituto Universitario de la Mujer &#8211; USAC<\/a> brindaron ponencias en la <a href=\"https:\/\/www.facebook.com\/unahoficial?__cft__[0]=AZWBTD1BGOB1xIf0c_pkJNCfxcuMAUReDHbYGB-lzo4OyYIek75auWnKNhszpQBJrT0GFUe6JROnYQLEK7CgtxM5Fwhg0n63g1hzSjIQbESEhbyknZEzbcQricob_ynB2LTH2VTEhfLSoh9zdF0JpfMmpaXoCQY-XclmjCxjHcrpbpv3L2JMIEgmMxi1BXT9IjpQPe9f3lkBob07vvB0DJh6&amp;__tn__=-]K-R\">UNAH Universidad Nacional Aut\u00f3noma de Honduras<\/a> en la mesa de \u201cHistoria y G\u00e9nero\u201d del XVII Congreso, donde tuvieron la oportunidad de brindar diferentes conferencias:<\/p>\n\n\n\n<p>1. \u201cJes\u00fas Laparra, educadora, escritora y poetista\u201d impartida por la maestra Sandres Collado.<\/p>\n\n\n\n<p>2. <a><\/a>\u201cIncorporaci\u00f3n hist\u00f3rica de los estudios de g\u00e9nero desde las mujeres universitarias dentro del sistema de investigaci\u00f3n de la USAC\u201d por la doctora Yolanda L\u00f3pez.<\/p>\n\n\n\n<p>3. \u201cCofrad\u00eda y devociones de afrodescendientes en la provincia de Guatemala durante los siglos XVII y XVIII\u201d por el Lic. Deyvid Molina, antrop\u00f3logo e investigador del <a href=\"https:\/\/www.facebook.com\/ceceg.usac?__cft__[0]=AZWBTD1BGOB1xIf0c_pkJNCfxcuMAUReDHbYGB-lzo4OyYIek75auWnKNhszpQBJrT0GFUe6JROnYQLEK7CgtxM5Fwhg0n63g1hzSjIQbESEhbyknZEzbcQricob_ynB2LTH2VTEhfLSoh9zdF0JpfMmpaXoCQY-XclmjCxjHcrpbpv3L2JMIEgmMxi1BXT9IjpQPe9f3lkBob07vvB0DJh6&amp;__tn__=-]K-R\">Centro de Estudios de las Culturas en Guatemala<\/a> del \u00e1rea de Religiosidad Porpular del CECEG.<\/p>\n\n\n\n<p><img loading=\"lazy\" decoding=\"async\" height=\"16\" width=\"16\" alt=\"\ud83d\udc9c\" src=\"https:\/\/static.xx.fbcdn.net\/images\/emoji.php\/v9\/t96\/1\/16\/1f49c.png\"> Adicional, dos estudiantes de la <a href=\"https:\/\/www.facebook.com\/ECPUSAC?__cft__[0]=AZWBTD1BGOB1xIf0c_pkJNCfxcuMAUReDHbYGB-lzo4OyYIek75auWnKNhszpQBJrT0GFUe6JROnYQLEK7CgtxM5Fwhg0n63g1hzSjIQbESEhbyknZEzbcQricob_ynB2LTH2VTEhfLSoh9zdF0JpfMmpaXoCQY-XclmjCxjHcrpbpv3L2JMIEgmMxi1BXT9IjpQPe9f3lkBob07vvB0DJh6&amp;__tn__=-]K-R\">Escuela de Ciencias Psicol\u00f3gicas &#8211; USAC<\/a> tambi\u00e9n fueron aceptadas para brindar ponencias: Mar\u00eda Fernanda Z\u00fa\u00f1iga y Rosa Maria Brito.<\/p>\n\n\n\n<p><img loading=\"lazy\" decoding=\"async\" height=\"16\" width=\"16\" alt=\"\ud83d\uddfa\ufe0f\" src=\"https:\/\/static.xx.fbcdn.net\/images\/emoji.php\/v9\/tc8\/1\/16\/1f5fa.png\"> Felicitamos a nuestras profesionales y estudiantes por representar a la USAC en eventos acad\u00e9micos internacionales.<\/p>\n\n\n\n<figure class=\"wp-block-gallery has-nested-images columns-default is-cropped wp-block-gallery-1 is-layout-flex wp-block-gallery-is-layout-flex\">\n<figure class=\"wp-block-image size-large\"><img loading=\"lazy\" decoding=\"async\" width=\"1024\" height=\"1024\" data-id=\"2137\" src=\"https:\/\/cooperacioninternacional.usac.edu.gt\/wp-content\/uploads\/2024\/08\/454742286_963231635607192_576154553064406650_n-1024x1024.jpg\" alt=\"\" class=\"wp-image-2137\" srcset=\"https:\/\/cooperacioninternacional.usac.edu.gt\/wp-content\/uploads\/2024\/08\/454742286_963231635607192_576154553064406650_n-980x980.jpg 980w, https:\/\/cooperacioninternacional.usac.edu.gt\/wp-content\/uploads\/2024\/08\/454742286_963231635607192_576154553064406650_n-480x480.jpg 480w\" sizes=\"(min-width: 0px) and (max-width: 480px) 480px, (min-width: 481px) and (max-width: 980px) 980px, (min-width: 981px) 1024px, 100vw\" \/><\/figure>\n\n\n\n<figure class=\"wp-block-image size-large\"><img loading=\"lazy\" decoding=\"async\" width=\"1024\" height=\"768\" data-id=\"2136\" src=\"https:\/\/cooperacioninternacional.usac.edu.gt\/wp-content\/uploads\/2024\/08\/454840403_963231645607191_7198853382323955664_n-1024x768.jpg\" alt=\"\" class=\"wp-image-2136\" srcset=\"https:\/\/cooperacioninternacional.usac.edu.gt\/wp-content\/uploads\/2024\/08\/454840403_963231645607191_7198853382323955664_n-980x735.jpg 980w, https:\/\/cooperacioninternacional.usac.edu.gt\/wp-content\/uploads\/2024\/08\/454840403_963231645607191_7198853382323955664_n-480x360.jpg 480w\" sizes=\"(min-width: 0px) and (max-width: 480px) 480px, (min-width: 481px) and (max-width: 980px) 980px, (min-width: 981px) 1024px, 100vw\" \/><\/figure>\n\n\n\n<figure class=\"wp-block-image size-large\"><img loading=\"lazy\" decoding=\"async\" width=\"1024\" height=\"768\" data-id=\"2133\" src=\"https:\/\/cooperacioninternacional.usac.edu.gt\/wp-content\/uploads\/2024\/08\/454938573_963231592273863_6475362240888647242_n-1024x768.jpg\" alt=\"\" class=\"wp-image-2133\" srcset=\"https:\/\/cooperacioninternacional.usac.edu.gt\/wp-content\/uploads\/2024\/08\/454938573_963231592273863_6475362240888647242_n-980x735.jpg 980w, https:\/\/cooperacioninternacional.usac.edu.gt\/wp-content\/uploads\/2024\/08\/454938573_963231592273863_6475362240888647242_n-480x360.jpg 480w\" sizes=\"(min-width: 0px) and (max-width: 480px) 480px, (min-width: 481px) and (max-width: 980px) 980px, (min-width: 981px) 1024px, 100vw\" \/><\/figure>\n\n\n\n<figure class=\"wp-block-image size-large\"><img loading=\"lazy\" decoding=\"async\" width=\"1024\" height=\"768\" data-id=\"2135\" src=\"https:\/\/cooperacioninternacional.usac.edu.gt\/wp-content\/uploads\/2024\/08\/455002625_963231558940533_3536652500619202606_n-1-1024x768.jpg\" alt=\"\" class=\"wp-image-2135\" srcset=\"https:\/\/cooperacioninternacional.usac.edu.gt\/wp-content\/uploads\/2024\/08\/455002625_963231558940533_3536652500619202606_n-1-980x735.jpg 980w, https:\/\/cooperacioninternacional.usac.edu.gt\/wp-content\/uploads\/2024\/08\/455002625_963231558940533_3536652500619202606_n-1-480x360.jpg 480w\" sizes=\"(min-width: 0px) and (max-width: 480px) 480px, (min-width: 481px) and (max-width: 980px) 980px, (min-width: 981px) 1024px, 100vw\" \/><\/figure>\n\n\n\n<figure class=\"wp-block-image size-large\"><img loading=\"lazy\" decoding=\"async\" width=\"1024\" height=\"768\" data-id=\"2139\" src=\"https:\/\/cooperacioninternacional.usac.edu.gt\/wp-content\/uploads\/2024\/08\/455002625_963231558940533_3536652500619202606_n-1024x768.jpg\" alt=\"\" class=\"wp-image-2139\" srcset=\"https:\/\/cooperacioninternacional.usac.edu.gt\/wp-content\/uploads\/2024\/08\/455002625_963231558940533_3536652500619202606_n-980x735.jpg 980w, https:\/\/cooperacioninternacional.usac.edu.gt\/wp-content\/uploads\/2024\/08\/455002625_963231558940533_3536652500619202606_n-480x360.jpg 480w\" sizes=\"(min-width: 0px) and (max-width: 480px) 480px, (min-width: 481px) and (max-width: 980px) 980px, (min-width: 981px) 1024px, 100vw\" \/><\/figure>\n\n\n\n<figure class=\"wp-block-image size-large\"><img loading=\"lazy\" decoding=\"async\" width=\"768\" height=\"1024\" data-id=\"2140\" src=\"https:\/\/cooperacioninternacional.usac.edu.gt\/wp-content\/uploads\/2024\/08\/455033516_963231622273860_1093996578393641734_n-768x1024.jpg\" alt=\"\" class=\"wp-image-2140\"\/><\/figure>\n\n\n\n<figure class=\"wp-block-image size-large\"><img loading=\"lazy\" decoding=\"async\" width=\"1024\" height=\"768\" data-id=\"2138\" src=\"https:\/\/cooperacioninternacional.usac.edu.gt\/wp-content\/uploads\/2024\/08\/455186339_963297265600629_6603456918713243301_n-1024x768.jpg\" alt=\"\" class=\"wp-image-2138\" srcset=\"https:\/\/cooperacioninternacional.usac.edu.gt\/wp-content\/uploads\/2024\/08\/455186339_963297265600629_6603456918713243301_n-980x735.jpg 980w, https:\/\/cooperacioninternacional.usac.edu.gt\/wp-content\/uploads\/2024\/08\/455186339_963297265600629_6603456918713243301_n-480x360.jpg 480w\" sizes=\"(min-width: 0px) and (max-width: 480px) 480px, (min-width: 481px) and (max-width: 980px) 980px, (min-width: 981px) 1024px, 100vw\" \/><\/figure>\n<\/figure>\n","protected":false},"excerpt":{"rendered":"<p>Universidad de San Carlos de Guatemala presente en el XVII Congreso Centroamericano De Historia Profesionales del Instituto Universitario de la Mujer &#8211; USAC brindaron ponencias en la UNAH Universidad Nacional Aut\u00f3noma de Honduras en la mesa de \u201cHistoria y G\u00e9nero\u201d del XVII Congreso, donde tuvieron la oportunidad de brindar diferentes conferencias: 1. \u201cJes\u00fas Laparra, educadora, [&hellip;]<\/p>\n","protected":false},"author":5,"featured_media":2136,"comment_status":"open","ping_status":"open","sticky":false,"template":"","format":"standard","meta":{"_et_pb_use_builder":"off","_et_pb_old_content":"","_et_gb_content_width":"","footnotes":""},"categories":[9],"tags":[],"class_list":["post-2132","post","type-post","status-publish","format-standard","has-post-thumbnail","hentry","category-noticias"],"_links":{"self":[{"href":"https:\/\/cooperacioninternacional.usac.edu.gt\/index.php?rest_route=\/wp\/v2\/posts\/2132","targetHints":{"allow":["GET"]}}],"collection":[{"href":"https:\/\/cooperacioninternacional.usac.edu.gt\/index.php?rest_route=\/wp\/v2\/posts"}],"about":[{"href":"https:\/\/cooperacioninternacional.usac.edu.gt\/index.php?rest_route=\/wp\/v2\/types\/post"}],"author":[{"embeddable":true,"href":"https:\/\/cooperacioninternacional.usac.edu.gt\/index.php?rest_route=\/wp\/v2\/users\/5"}],"replies":[{"embeddable":true,"href":"https:\/\/cooperacioninternacional.usac.edu.gt\/index.php?rest_route=%2Fwp%2Fv2%2Fcomments&post=2132"}],"version-history":[{"count":1,"href":"https:\/\/cooperacioninternacional.usac.edu.gt\/index.php?rest_route=\/wp\/v2\/posts\/2132\/revisions"}],"predecessor-version":[{"id":2141,"href":"https:\/\/cooperacioninternacional.usac.edu.gt\/index.php?rest_route=\/wp\/v2\/posts\/2132\/revisions\/2141"}],"wp:featuredmedia":[{"embeddable":true,"href":"https:\/\/cooperacioninternacional.usac.edu.gt\/index.php?rest_route=\/wp\/v2\/media\/2136"}],"wp:attachment":[{"href":"https:\/\/cooperacioninternacional.usac.edu.gt\/index.php?rest_route=%2Fwp%2Fv2%2Fmedia&parent=2132"}],"wp:term":[{"taxonomy":"category","embeddable":true,"href":"https:\/\/cooperacioninternacional.usac.edu.gt\/index.php?rest_route=%2Fwp%2Fv2%2Fcategories&post=2132"},{"taxonomy":"post_tag","embeddable":true,"href":"https:\/\/cooperacioninternacional.usac.edu.gt\/index.php?rest_route=%2Fwp%2Fv2%2Ftags&post=2132"}],"curies":[{"name":"wp","href":"https:\/\/api.w.org\/{rel}","templated":true}]}}