{"id":2142,"date":"2024-08-16T16:10:16","date_gmt":"2024-08-16T16:10:16","guid":{"rendered":"https:\/\/cooperacioninternacional.usac.edu.gt\/?p=2142"},"modified":"2024-08-16T16:10:18","modified_gmt":"2024-08-16T16:10:18","slug":"beca-para-maestrias-en-alemania","status":"publish","type":"post","link":"https:\/\/cooperacioninternacional.usac.edu.gt\/?p=2142","title":{"rendered":"Beca para maestr\u00edas en Alemania"},"content":{"rendered":"\n<p><img loading=\"lazy\" decoding=\"async\" height=\"16\" width=\"16\" alt=\"\ud83c\udde9\ud83c\uddea\" src=\"https:\/\/static.xx.fbcdn.net\/images\/emoji.php\/v9\/t16\/1\/16\/1f1e9_1f1ea.png\"> CONVOCATORIA ABIERTA <img loading=\"lazy\" decoding=\"async\" height=\"16\" width=\"16\" alt=\"\u270f\ufe0f\" src=\"https:\/\/static.xx.fbcdn.net\/images\/emoji.php\/v9\/te4\/1\/16\/270f.png\"><img loading=\"lazy\" decoding=\"async\" height=\"16\" width=\"16\" alt=\"\ud83d\udcd0\" src=\"https:\/\/static.xx.fbcdn.net\/images\/emoji.php\/v9\/t98\/1\/16\/1f4d0.png\"><img loading=\"lazy\" decoding=\"async\" height=\"16\" width=\"16\" alt=\"\ud83d\udcb8\" src=\"https:\/\/static.xx.fbcdn.net\/images\/emoji.php\/v9\/t62\/1\/16\/1f4b8.png\"><\/p>\n\n\n\n<p><img loading=\"lazy\" decoding=\"async\" height=\"16\" width=\"16\" alt=\"\ud83d\udde3\ufe0f\" src=\"https:\/\/static.xx.fbcdn.net\/images\/emoji.php\/v9\/tfb\/1\/16\/1f5e3.png\"> Atenci\u00f3n <a href=\"https:\/\/www.facebook.com\/farusacdivulgacion?__cft__[0]=AZVlSqxjwyvhuK3grSJAP_xcuP325DWo8QUszm7s_TBR3vFnlCb__m7PJyYu5qykdpEhVmgPgYxjxSJX22zPGNGd8ahNn_hgvJ1XML1XjYnbLn-METmE8FwH0K5MnKqikYtaIfVtSPanm2e3Yu8jZlwKUE1SO6meTUO9Iboz2pbmVqRGlEMPxyL2taBUG9f6OTpm6aGWX9dUw1tDveS6NQ-n&amp;__tn__=-]K-R\">Divulgaci\u00f3n Farusac<\/a>, oportunidad de beca para maestr\u00edas en Alemania<\/p>\n\n\n\n<p><img loading=\"lazy\" decoding=\"async\" height=\"16\" width=\"16\" alt=\"\ud83d\udc49\ud83c\udffc\" src=\"https:\/\/static.xx.fbcdn.net\/images\/emoji.php\/v9\/t8d\/1\/16\/1f449_1f3fc.png\"> Dirigida a arquitectos, esta beca permite realizar estudios completos de maestr\u00eda o estudios complementarios en <a href=\"https:\/\/www.facebook.com\/hashtag\/alemania?__eep__=6&amp;__cft__[0]=AZVlSqxjwyvhuK3grSJAP_xcuP325DWo8QUszm7s_TBR3vFnlCb__m7PJyYu5qykdpEhVmgPgYxjxSJX22zPGNGd8ahNn_hgvJ1XML1XjYnbLn-METmE8FwH0K5MnKqikYtaIfVtSPanm2e3Yu8jZlwKUE1SO6meTUO9Iboz2pbmVqRGlEMPxyL2taBUG9f6OTpm6aGWX9dUw1tDveS6NQ-n&amp;__tn__=*NK-R\">#Alemania<\/a><img loading=\"lazy\" decoding=\"async\" height=\"16\" width=\"16\" alt=\"\ud83c\udde9\ud83c\uddea\" src=\"https:\/\/static.xx.fbcdn.net\/images\/emoji.php\/v9\/t16\/1\/16\/1f1e9_1f1ea.png\"> en esta \u00e1rea, as\u00ed como en dise\u00f1o de interiores, conservaci\u00f3n de monumentos, conservaci\u00f3n de edificios antiguos, planeaci\u00f3n urbana\/desarrollo urbano, arquitectura del paisaje, entre otras.<\/p>\n\n\n\n<p><img loading=\"lazy\" decoding=\"async\" height=\"16\" width=\"16\" alt=\"\u23f0\" src=\"https:\/\/static.xx.fbcdn.net\/images\/emoji.php\/v9\/t34\/1\/16\/23f0.png\">La <a><\/a>fecha de cierre es el 25 de septiembre del 2024.<\/p>\n\n\n\n<p>M\u00e1s informaci\u00f3n en <img loading=\"lazy\" decoding=\"async\" height=\"16\" width=\"16\" alt=\"\u27a1\" src=\"https:\/\/static.xx.fbcdn.net\/images\/emoji.php\/v9\/t9e\/1\/16\/27a1.png\"><a href=\"https:\/\/www.daad-costa-rica.org\/es\/encontrar-becas\/base-de-datos-de-becas\/?fbclid=IwZXh0bgNhZW0CMTAAAR1j08GypDzyaFU7ZgvTjOC2Hse8o9PJXzHx4W3iFRD8Iz3lNYMAgg0tAVk_aem_GiTs_u02gvLUhuygHhEo6w\" rel=\"noreferrer noopener\" target=\"_blank\">https:\/\/www.daad-costa-rica.org\/&#8230;\/base-de-datos-de-becas\/<\/a><\/p>\n\n\n\n<p>Invita <a href=\"https:\/\/www.facebook.com\/DAAD.CostaRica?__cft__[0]=AZVlSqxjwyvhuK3grSJAP_xcuP325DWo8QUszm7s_TBR3vFnlCb__m7PJyYu5qykdpEhVmgPgYxjxSJX22zPGNGd8ahNn_hgvJ1XML1XjYnbLn-METmE8FwH0K5MnKqikYtaIfVtSPanm2e3Yu8jZlwKUE1SO6meTUO9Iboz2pbmVqRGlEMPxyL2taBUG9f6OTpm6aGWX9dUw1tDveS6NQ-n&amp;__tn__=-]K-R\">DAAD Costa Rica<\/a><img loading=\"lazy\" decoding=\"async\" height=\"16\" width=\"16\" alt=\"\ud83d\udc4c\ud83c\udffc\" src=\"https:\/\/static.xx.fbcdn.net\/images\/emoji.php\/v9\/t37\/1\/16\/1f44c_1f3fc.png\"><\/p>\n\n\n\n<figure class=\"wp-block-image size-large\"><img loading=\"lazy\" decoding=\"async\" width=\"1024\" height=\"1024\" src=\"https:\/\/cooperacioninternacional.usac.edu.gt\/wp-content\/uploads\/2024\/08\/454760897_963302778933411_2455043878637529691_n-1024x1024.jpg\" alt=\"\" class=\"wp-image-2143\" srcset=\"https:\/\/cooperacioninternacional.usac.edu.gt\/wp-content\/uploads\/2024\/08\/454760897_963302778933411_2455043878637529691_n-1024x1024.jpg 1024w, https:\/\/cooperacioninternacional.usac.edu.gt\/wp-content\/uploads\/2024\/08\/454760897_963302778933411_2455043878637529691_n-980x980.jpg 980w, https:\/\/cooperacioninternacional.usac.edu.gt\/wp-content\/uploads\/2024\/08\/454760897_963302778933411_2455043878637529691_n-480x480.jpg 480w\" sizes=\"(min-width: 0px) and (max-width: 480px) 480px, (min-width: 481px) and (max-width: 980px) 980px, (min-width: 981px) 1024px, 100vw\" \/><\/figure>\n","protected":false},"excerpt":{"rendered":"<p>CONVOCATORIA ABIERTA Atenci\u00f3n Divulgaci\u00f3n Farusac, oportunidad de beca para maestr\u00edas en Alemania Dirigida a arquitectos, esta beca permite realizar estudios completos de maestr\u00eda o estudios complementarios en #Alemania en esta \u00e1rea, as\u00ed como en dise\u00f1o de interiores, conservaci\u00f3n de monumentos, conservaci\u00f3n de edificios antiguos, planeaci\u00f3n urbana\/desarrollo urbano, arquitectura del paisaje, entre otras. La fecha de [&hellip;]<\/p>\n","protected":false},"author":5,"featured_media":2143,"comment_status":"open","ping_status":"open","sticky":false,"template":"","format":"standard","meta":{"_et_pb_use_builder":"off","_et_pb_old_content":"","_et_gb_content_width":"","footnotes":""},"categories":[37,1],"tags":[],"class_list":["post-2142","post","type-post","status-publish","format-standard","has-post-thumbnail","hentry","category-convocatoria-abierta","category-convocatorias"],"_links":{"self":[{"href":"https:\/\/cooperacioninternacional.usac.edu.gt\/index.php?rest_route=\/wp\/v2\/posts\/2142","targetHints":{"allow":["GET"]}}],"collection":[{"href":"https:\/\/cooperacioninternacional.usac.edu.gt\/index.php?rest_route=\/wp\/v2\/posts"}],"about":[{"href":"https:\/\/cooperacioninternacional.usac.edu.gt\/index.php?rest_route=\/wp\/v2\/types\/post"}],"author":[{"embeddable":true,"href":"https:\/\/cooperacioninternacional.usac.edu.gt\/index.php?rest_route=\/wp\/v2\/users\/5"}],"replies":[{"embeddable":true,"href":"https:\/\/cooperacioninternacional.usac.edu.gt\/index.php?rest_route=%2Fwp%2Fv2%2Fcomments&post=2142"}],"version-history":[{"count":1,"href":"https:\/\/cooperacioninternacional.usac.edu.gt\/index.php?rest_route=\/wp\/v2\/posts\/2142\/revisions"}],"predecessor-version":[{"id":2144,"href":"https:\/\/cooperacioninternacional.usac.edu.gt\/index.php?rest_route=\/wp\/v2\/posts\/2142\/revisions\/2144"}],"wp:featuredmedia":[{"embeddable":true,"href":"https:\/\/cooperacioninternacional.usac.edu.gt\/index.php?rest_route=\/wp\/v2\/media\/2143"}],"wp:attachment":[{"href":"https:\/\/cooperacioninternacional.usac.edu.gt\/index.php?rest_route=%2Fwp%2Fv2%2Fmedia&parent=2142"}],"wp:term":[{"taxonomy":"category","embeddable":true,"href":"https:\/\/cooperacioninternacional.usac.edu.gt\/index.php?rest_route=%2Fwp%2Fv2%2Fcategories&post=2142"},{"taxonomy":"post_tag","embeddable":true,"href":"https:\/\/cooperacioninternacional.usac.edu.gt\/index.php?rest_route=%2Fwp%2Fv2%2Ftags&post=2142"}],"curies":[{"name":"wp","href":"https:\/\/api.w.org\/{rel}","templated":true}]}}