{"id":2145,"date":"2024-08-16T16:11:12","date_gmt":"2024-08-16T16:11:12","guid":{"rendered":"https:\/\/cooperacioninternacional.usac.edu.gt\/?p=2145"},"modified":"2024-08-16T16:11:13","modified_gmt":"2024-08-16T16:11:13","slug":"estancias-cortas-de-investigacion-para-academicos-universitarios-y-cientificos-en-alemania-research-stays","status":"publish","type":"post","link":"https:\/\/cooperacioninternacional.usac.edu.gt\/?p=2145","title":{"rendered":"Estancias cortas de investigaci\u00f3n para acad\u00e9micos universitarios y cient\u00edficos en Alemania (research stays)"},"content":{"rendered":"\n<p><img loading=\"lazy\" decoding=\"async\" height=\"16\" width=\"16\" alt=\"\ud83c\udde9\ud83c\uddea\" src=\"https:\/\/static.xx.fbcdn.net\/images\/emoji.php\/v9\/t16\/1\/16\/1f1e9_1f1ea.png\"><img loading=\"lazy\" decoding=\"async\" height=\"16\" width=\"16\" alt=\"\ud83d\udce3\" src=\"https:\/\/static.xx.fbcdn.net\/images\/emoji.php\/v9\/tba\/1\/16\/1f4e3.png\"> CONVOCATORIA ABIERTA: Estancias cortas de investigaci\u00f3n para acad\u00e9micos universitarios y cient\u00edficos en Alemania (research stays)<\/p>\n\n\n\n<p><img loading=\"lazy\" decoding=\"async\" height=\"16\" width=\"16\" alt=\"\u2705\" src=\"https:\/\/static.xx.fbcdn.net\/images\/emoji.php\/v9\/t33\/1\/16\/2705.png\">Dirigida a profesores(as) universitarios, acad\u00e9micos y cient\u00edficos establecidos que trabajen en una universidad o instituto de investigaci\u00f3n de su pa\u00eds de origen.<\/p>\n\n\n\n<p><img loading=\"lazy\" decoding=\"async\" height=\"16\" width=\"16\" alt=\"\u2705\" src=\"https:\/\/static.xx.fbcdn.net\/images\/emoji.php\/v9\/t33\/1\/16\/2705.png\">Beneficios de la beca: Pagos mensuales, subvenci\u00f3n para gastos adicionales justificados, apoyo a los viajes respetuosos con el clima.<\/p>\n\n\n\n<p><a><\/a><img loading=\"lazy\" decoding=\"async\" height=\"16\" width=\"16\" alt=\"\u26a0\ufe0f\" src=\"https:\/\/static.xx.fbcdn.net\/images\/emoji.php\/v9\/tdc\/1\/16\/26a0.png\">Este programa permite llevar a cabo estancias de investigaci\u00f3n con duraci\u00f3n m\u00e1xima de tres meses en una universidad o un centro de investigaci\u00f3n en Alemania.<\/p>\n\n\n\n<p><img loading=\"lazy\" decoding=\"async\" height=\"16\" width=\"16\" alt=\"\ud83d\udcc5\" src=\"https:\/\/static.xx.fbcdn.net\/images\/emoji.php\/v9\/t7e\/1\/16\/1f4c5.png\"> Fecha de cierre: 11 de septiembre de 2024<\/p>\n\n\n\n<p>M\u00e1s informaci\u00f3n en <img loading=\"lazy\" decoding=\"async\" height=\"16\" width=\"16\" alt=\"\u27a1\ufe0f\" src=\"https:\/\/static.xx.fbcdn.net\/images\/emoji.php\/v9\/t9e\/1\/16\/27a1.png\"><a href=\"http:\/\/daad.de\/go\/en\/stipa50015456?fbclid=IwZXh0bgNhZW0CMTAAAR1j08GypDzyaFU7ZgvTjOC2Hse8o9PJXzHx4W3iFRD8Iz3lNYMAgg0tAVk_aem_GiTs_u02gvLUhuygHhEo6w\" rel=\"noreferrer noopener\" target=\"_blank\">daad.de\/go\/en\/stipa50015456<\/a><\/p>\n\n\n\n<p>Invita <a href=\"https:\/\/www.facebook.com\/DAAD.CostaRica?__cft__[0]=AZXQx31seSr1-VJkVIsk3aQUUZhINma3j8ajSlXR3iCH_56yv3mSIp2sjd-kV4Hmb9VrvKq4CUXY1WpyaKmxRalJ0kmmmSPA_cDZEcVtOBrArRkNHTkRpusUymYIJ8tsZeiF8jGFnlLoBSkX5xfK4Qjb9b9GuR9Re8iiGRxxGW-YZV4yJDjt3VCLDeVSj1lfv6_AQYavYJFUA1qJL679qPy5&amp;__tn__=-]K-R\">DAAD Costa Rica<\/a><\/p>\n\n\n\n<figure class=\"wp-block-gallery has-nested-images columns-default is-cropped wp-block-gallery-1 is-layout-flex wp-block-gallery-is-layout-flex\">\n<figure class=\"wp-block-image size-large\"><img loading=\"lazy\" decoding=\"async\" width=\"940\" height=\"788\" data-id=\"2146\" src=\"https:\/\/cooperacioninternacional.usac.edu.gt\/wp-content\/uploads\/2024\/08\/454729180_963760965554259_6117001544924771789_n.jpg\" alt=\"\" class=\"wp-image-2146\" srcset=\"https:\/\/cooperacioninternacional.usac.edu.gt\/wp-content\/uploads\/2024\/08\/454729180_963760965554259_6117001544924771789_n.jpg 940w, https:\/\/cooperacioninternacional.usac.edu.gt\/wp-content\/uploads\/2024\/08\/454729180_963760965554259_6117001544924771789_n-480x402.jpg 480w\" sizes=\"(min-width: 0px) and (max-width: 480px) 480px, (min-width: 481px) 940px, 100vw\" \/><\/figure>\n<\/figure>\n\n\n\n<figure class=\"wp-block-image size-full\"><img loading=\"lazy\" decoding=\"async\" width=\"940\" height=\"788\" src=\"https:\/\/cooperacioninternacional.usac.edu.gt\/wp-content\/uploads\/2024\/08\/455163111_963760978887591_9060694290789686880_n.jpg\" alt=\"\" class=\"wp-image-2147\" srcset=\"https:\/\/cooperacioninternacional.usac.edu.gt\/wp-content\/uploads\/2024\/08\/455163111_963760978887591_9060694290789686880_n.jpg 940w, https:\/\/cooperacioninternacional.usac.edu.gt\/wp-content\/uploads\/2024\/08\/455163111_963760978887591_9060694290789686880_n-480x402.jpg 480w\" sizes=\"(min-width: 0px) and (max-width: 480px) 480px, (min-width: 481px) 940px, 100vw\" \/><\/figure>\n","protected":false},"excerpt":{"rendered":"<p>CONVOCATORIA ABIERTA: Estancias cortas de investigaci\u00f3n para acad\u00e9micos universitarios y cient\u00edficos en Alemania (research stays) Dirigida a profesores(as) universitarios, acad\u00e9micos y cient\u00edficos establecidos que trabajen en una universidad o instituto de investigaci\u00f3n de su pa\u00eds de origen. Beneficios de la beca: Pagos mensuales, subvenci\u00f3n para gastos adicionales justificados, apoyo a los viajes respetuosos con el [&hellip;]<\/p>\n","protected":false},"author":5,"featured_media":2146,"comment_status":"open","ping_status":"open","sticky":false,"template":"","format":"standard","meta":{"_et_pb_use_builder":"off","_et_pb_old_content":"","_et_gb_content_width":"","footnotes":""},"categories":[37,1],"tags":[],"class_list":["post-2145","post","type-post","status-publish","format-standard","has-post-thumbnail","hentry","category-convocatoria-abierta","category-convocatorias"],"_links":{"self":[{"href":"https:\/\/cooperacioninternacional.usac.edu.gt\/index.php?rest_route=\/wp\/v2\/posts\/2145","targetHints":{"allow":["GET"]}}],"collection":[{"href":"https:\/\/cooperacioninternacional.usac.edu.gt\/index.php?rest_route=\/wp\/v2\/posts"}],"about":[{"href":"https:\/\/cooperacioninternacional.usac.edu.gt\/index.php?rest_route=\/wp\/v2\/types\/post"}],"author":[{"embeddable":true,"href":"https:\/\/cooperacioninternacional.usac.edu.gt\/index.php?rest_route=\/wp\/v2\/users\/5"}],"replies":[{"embeddable":true,"href":"https:\/\/cooperacioninternacional.usac.edu.gt\/index.php?rest_route=%2Fwp%2Fv2%2Fcomments&post=2145"}],"version-history":[{"count":1,"href":"https:\/\/cooperacioninternacional.usac.edu.gt\/index.php?rest_route=\/wp\/v2\/posts\/2145\/revisions"}],"predecessor-version":[{"id":2148,"href":"https:\/\/cooperacioninternacional.usac.edu.gt\/index.php?rest_route=\/wp\/v2\/posts\/2145\/revisions\/2148"}],"wp:featuredmedia":[{"embeddable":true,"href":"https:\/\/cooperacioninternacional.usac.edu.gt\/index.php?rest_route=\/wp\/v2\/media\/2146"}],"wp:attachment":[{"href":"https:\/\/cooperacioninternacional.usac.edu.gt\/index.php?rest_route=%2Fwp%2Fv2%2Fmedia&parent=2145"}],"wp:term":[{"taxonomy":"category","embeddable":true,"href":"https:\/\/cooperacioninternacional.usac.edu.gt\/index.php?rest_route=%2Fwp%2Fv2%2Fcategories&post=2145"},{"taxonomy":"post_tag","embeddable":true,"href":"https:\/\/cooperacioninternacional.usac.edu.gt\/index.php?rest_route=%2Fwp%2Fv2%2Ftags&post=2145"}],"curies":[{"name":"wp","href":"https:\/\/api.w.org\/{rel}","templated":true}]}}