{"id":2200,"date":"2024-09-09T15:19:33","date_gmt":"2024-09-09T15:19:33","guid":{"rendered":"https:\/\/cooperacioninternacional.usac.edu.gt\/?p=2200"},"modified":"2024-09-09T15:19:34","modified_gmt":"2024-09-09T15:19:34","slug":"por-primera-vez-la-universidad-de-san-carlos-de-guatemala-a-traves-de-editorial-universitaria-participa-en-la-vi-feria-internacional-del-libro-de-las-universitarias-y-los-universitarios-filuni-de-la","status":"publish","type":"post","link":"https:\/\/cooperacioninternacional.usac.edu.gt\/?p=2200","title":{"rendered":"POR PRIMERA VEZ la Universidad de San Carlos de Guatemala a trav\u00e9s de Editorial Universitaria participa en la VI Feria Internacional del Libro de las Universitarias y los Universitarios- FILUNI -de la UNAM Universidad Nacional Aut\u00f3noma de M\u00e9xico"},"content":{"rendered":"\n<figure class=\"wp-block-image\"><img decoding=\"async\" src=\"https:\/\/static.xx.fbcdn.net\/images\/emoji.php\/v9\/tb8\/1\/16\/1f64c_1f3fb.png\" alt=\"\ud83d\ude4c\ud83c\udffb\"\/><\/figure>\n\n\n\n<p><img loading=\"lazy\" decoding=\"async\" height=\"16\" width=\"16\" alt=\"\ud83c\uddec\ud83c\uddf9\" src=\"https:\/\/static.xx.fbcdn.net\/images\/emoji.php\/v9\/t37\/1\/16\/1f1ec_1f1f9.png\"><img loading=\"lazy\" decoding=\"async\" height=\"16\" width=\"16\" alt=\"\ud83d\udcda\" src=\"https:\/\/static.xx.fbcdn.net\/images\/emoji.php\/v9\/t49\/1\/16\/1f4da.png\"><img loading=\"lazy\" decoding=\"async\" height=\"16\" width=\"16\" alt=\"\ud83c\uddf2\ud83c\uddfd\" src=\"https:\/\/static.xx.fbcdn.net\/images\/emoji.php\/v9\/t50\/1\/16\/1f1f2_1f1fd.png\"> POR PRIMERA VEZ la <a href=\"https:\/\/www.facebook.com\/UsacOficial?__cft__[0]=AZX_7goVQYeddeZ3LGmft8g3brEHo4T9rnZ-Mhp6Quqg3QQ_wB3Kraw59eoHznXNPftSr2ddZlj4BvVA5O4Qp4JQ1VecpjULsT81IN2Doj1y7SQfzvUpNYLosZYh0R64ylzhDEdDxnowrVg5Mv7FHB5SnBoaNSJIMhm2KPloHVC7dXDLJQZ-vn_4xAw7bu_UMU4F-CIIcagqaEDLFXPycfFW&amp;__tn__=-]K-R\">Universidad de San Carlos de Guatemala<\/a> a trav\u00e9s de <a href=\"https:\/\/www.facebook.com\/profile.php?id=100057064135851&amp;__cft__[0]=AZX_7goVQYeddeZ3LGmft8g3brEHo4T9rnZ-Mhp6Quqg3QQ_wB3Kraw59eoHznXNPftSr2ddZlj4BvVA5O4Qp4JQ1VecpjULsT81IN2Doj1y7SQfzvUpNYLosZYh0R64ylzhDEdDxnowrVg5Mv7FHB5SnBoaNSJIMhm2KPloHVC7dXDLJQZ-vn_4xAw7bu_UMU4F-CIIcagqaEDLFXPycfFW&amp;__tn__=-]K-R\">Editorial Universitaria<\/a> participa en la VI Feria Internacional del Libro de las Universitarias y los Universitarios- FILUNI -de la <a href=\"https:\/\/www.facebook.com\/UNAM.MX.Oficial?__cft__[0]=AZX_7goVQYeddeZ3LGmft8g3brEHo4T9rnZ-Mhp6Quqg3QQ_wB3Kraw59eoHznXNPftSr2ddZlj4BvVA5O4Qp4JQ1VecpjULsT81IN2Doj1y7SQfzvUpNYLosZYh0R64ylzhDEdDxnowrVg5Mv7FHB5SnBoaNSJIMhm2KPloHVC7dXDLJQZ-vn_4xAw7bu_UMU4F-CIIcagqaEDLFXPycfFW&amp;__tn__=-]K-R\">UNAM Universidad Nacional Aut\u00f3noma de M\u00e9xico<\/a><img loading=\"lazy\" decoding=\"async\" height=\"16\" width=\"16\" alt=\"\ud83d\ude4c\ud83c\udffb\" src=\"https:\/\/static.xx.fbcdn.net\/images\/emoji.php\/v9\/tb8\/1\/16\/1f64c_1f3fb.png\"><\/p>\n\n\n\n<p><img loading=\"lazy\" decoding=\"async\" height=\"16\" width=\"16\" alt=\"\ud83d\udc4f\ud83c\udffc\" src=\"https:\/\/static.xx.fbcdn.net\/images\/emoji.php\/v9\/t7a\/1\/16\/1f44f_1f3fc.png\"> Felicitamos a la Editorial y a la <a href=\"https:\/\/www.facebook.com\/usacdigeu.gt?__cft__[0]=AZX_7goVQYeddeZ3LGmft8g3brEHo4T9rnZ-Mhp6Quqg3QQ_wB3Kraw59eoHznXNPftSr2ddZlj4BvVA5O4Qp4JQ1VecpjULsT81IN2Doj1y7SQfzvUpNYLosZYh0R64ylzhDEdDxnowrVg5Mv7FHB5SnBoaNSJIMhm2KPloHVC7dXDLJQZ-vn_4xAw7bu_UMU4F-CIIcagqaEDLFXPycfFW&amp;__tn__=-]K-R\">Direcci\u00f3n General De Extensi\u00f3n Universitaria USAC<\/a> por ser parte de los 90 expositores, m\u00e1s de 300 editoriales universitarias representantes de 17 pa\u00edses de Iberoam\u00e9rica que se <a><\/a>re\u00fanen en este evento acad\u00e9mico y cultural.<\/p>\n\n\n\n<p><img loading=\"lazy\" decoding=\"async\" height=\"16\" width=\"16\" alt=\"\ud83c\udf0d\" src=\"https:\/\/static.xx.fbcdn.net\/images\/emoji.php\/v9\/t3f\/1\/16\/1f30d.png\"><a href=\"https:\/\/www.facebook.com\/cooperacionUSAC?__cft__[0]=AZX_7goVQYeddeZ3LGmft8g3brEHo4T9rnZ-Mhp6Quqg3QQ_wB3Kraw59eoHznXNPftSr2ddZlj4BvVA5O4Qp4JQ1VecpjULsT81IN2Doj1y7SQfzvUpNYLosZYh0R64ylzhDEdDxnowrVg5Mv7FHB5SnBoaNSJIMhm2KPloHVC7dXDLJQZ-vn_4xAw7bu_UMU4F-CIIcagqaEDLFXPycfFW&amp;__tn__=-]K-R\">Cooperaci\u00f3n y Relaciones Internacionales &#8211; USAC<\/a> reconoce la importancia de asistir a este tipo de eventos que permiten la vinculaci\u00f3n y posicionamiento de nuestra Alma Mater.<\/p>\n\n\n\n<figure class=\"wp-block-gallery has-nested-images columns-default is-cropped wp-block-gallery-1 is-layout-flex wp-block-gallery-is-layout-flex\">\n<figure class=\"wp-block-image size-large\"><img loading=\"lazy\" decoding=\"async\" width=\"1024\" height=\"576\" data-id=\"2202\" src=\"https:\/\/cooperacioninternacional.usac.edu.gt\/wp-content\/uploads\/2024\/09\/456588604_973216594608696_5584956476022300189_n-1024x576.jpg\" alt=\"\" class=\"wp-image-2202\" srcset=\"https:\/\/cooperacioninternacional.usac.edu.gt\/wp-content\/uploads\/2024\/09\/456588604_973216594608696_5584956476022300189_n-980x551.jpg 980w, https:\/\/cooperacioninternacional.usac.edu.gt\/wp-content\/uploads\/2024\/09\/456588604_973216594608696_5584956476022300189_n-480x270.jpg 480w\" sizes=\"(min-width: 0px) and (max-width: 480px) 480px, (min-width: 481px) and (max-width: 980px) 980px, (min-width: 981px) 1024px, 100vw\" \/><\/figure>\n\n\n\n<figure class=\"wp-block-image size-large\"><img loading=\"lazy\" decoding=\"async\" width=\"576\" height=\"1024\" data-id=\"2204\" src=\"https:\/\/cooperacioninternacional.usac.edu.gt\/wp-content\/uploads\/2024\/09\/456718192_973216534608702_5798690499732881150_n-576x1024.jpg\" alt=\"\" class=\"wp-image-2204\"\/><\/figure>\n\n\n\n<figure class=\"wp-block-image size-large\"><img loading=\"lazy\" decoding=\"async\" width=\"1024\" height=\"711\" data-id=\"2208\" src=\"https:\/\/cooperacioninternacional.usac.edu.gt\/wp-content\/uploads\/2024\/09\/456719076_973216491275373_4502892167650760534_n-1024x711.jpg\" alt=\"\" class=\"wp-image-2208\" srcset=\"https:\/\/cooperacioninternacional.usac.edu.gt\/wp-content\/uploads\/2024\/09\/456719076_973216491275373_4502892167650760534_n-980x680.jpg 980w, https:\/\/cooperacioninternacional.usac.edu.gt\/wp-content\/uploads\/2024\/09\/456719076_973216491275373_4502892167650760534_n-480x333.jpg 480w\" sizes=\"(min-width: 0px) and (max-width: 480px) 480px, (min-width: 481px) and (max-width: 980px) 980px, (min-width: 981px) 1024px, 100vw\" \/><\/figure>\n\n\n\n<figure class=\"wp-block-image size-large\"><img loading=\"lazy\" decoding=\"async\" width=\"1024\" height=\"768\" data-id=\"2209\" src=\"https:\/\/cooperacioninternacional.usac.edu.gt\/wp-content\/uploads\/2024\/09\/457048124_973215364608819_5446502179735950781_n-1024x768.jpg\" alt=\"\" class=\"wp-image-2209\" srcset=\"https:\/\/cooperacioninternacional.usac.edu.gt\/wp-content\/uploads\/2024\/09\/457048124_973215364608819_5446502179735950781_n-980x735.jpg 980w, https:\/\/cooperacioninternacional.usac.edu.gt\/wp-content\/uploads\/2024\/09\/457048124_973215364608819_5446502179735950781_n-480x360.jpg 480w\" sizes=\"(min-width: 0px) and (max-width: 480px) 480px, (min-width: 481px) and (max-width: 980px) 980px, (min-width: 981px) 1024px, 100vw\" \/><\/figure>\n\n\n\n<figure class=\"wp-block-image size-large\"><img loading=\"lazy\" decoding=\"async\" width=\"576\" height=\"1024\" data-id=\"2201\" src=\"https:\/\/cooperacioninternacional.usac.edu.gt\/wp-content\/uploads\/2024\/09\/457092702_973286984601657_36873083042985348_n-576x1024.jpg\" alt=\"\" class=\"wp-image-2201\"\/><\/figure>\n\n\n\n<figure class=\"wp-block-image size-large\"><img loading=\"lazy\" decoding=\"async\" width=\"1024\" height=\"963\" data-id=\"2210\" src=\"https:\/\/cooperacioninternacional.usac.edu.gt\/wp-content\/uploads\/2024\/09\/457097696_973216474608708_7528642985733500648_n-1024x963.jpg\" alt=\"\" class=\"wp-image-2210\" srcset=\"https:\/\/cooperacioninternacional.usac.edu.gt\/wp-content\/uploads\/2024\/09\/457097696_973216474608708_7528642985733500648_n-980x922.jpg 980w, https:\/\/cooperacioninternacional.usac.edu.gt\/wp-content\/uploads\/2024\/09\/457097696_973216474608708_7528642985733500648_n-480x451.jpg 480w\" sizes=\"(min-width: 0px) and (max-width: 480px) 480px, (min-width: 481px) and (max-width: 980px) 980px, (min-width: 981px) 1024px, 100vw\" \/><\/figure>\n\n\n\n<figure class=\"wp-block-image size-large\"><img loading=\"lazy\" decoding=\"async\" width=\"806\" height=\"1024\" data-id=\"2206\" src=\"https:\/\/cooperacioninternacional.usac.edu.gt\/wp-content\/uploads\/2024\/09\/457147744_973216701275352_2525951501435973262_n-806x1024.jpg\" alt=\"\" class=\"wp-image-2206\"\/><\/figure>\n\n\n\n<figure class=\"wp-block-image size-large\"><img loading=\"lazy\" decoding=\"async\" width=\"1024\" height=\"768\" data-id=\"2203\" src=\"https:\/\/cooperacioninternacional.usac.edu.gt\/wp-content\/uploads\/2024\/09\/457150742_973287007934988_1048383242354502556_n-1024x768.jpg\" alt=\"\" class=\"wp-image-2203\" srcset=\"https:\/\/cooperacioninternacional.usac.edu.gt\/wp-content\/uploads\/2024\/09\/457150742_973287007934988_1048383242354502556_n-980x735.jpg 980w, https:\/\/cooperacioninternacional.usac.edu.gt\/wp-content\/uploads\/2024\/09\/457150742_973287007934988_1048383242354502556_n-480x360.jpg 480w\" sizes=\"(min-width: 0px) and (max-width: 480px) 480px, (min-width: 481px) and (max-width: 980px) 980px, (min-width: 981px) 1024px, 100vw\" \/><\/figure>\n\n\n\n<figure class=\"wp-block-image size-large\"><img loading=\"lazy\" decoding=\"async\" width=\"1024\" height=\"576\" data-id=\"2205\" src=\"https:\/\/cooperacioninternacional.usac.edu.gt\/wp-content\/uploads\/2024\/09\/457218232_973216641275358_6663520215621804946_n-1024x576.jpg\" alt=\"\" class=\"wp-image-2205\" srcset=\"https:\/\/cooperacioninternacional.usac.edu.gt\/wp-content\/uploads\/2024\/09\/457218232_973216641275358_6663520215621804946_n-980x551.jpg 980w, https:\/\/cooperacioninternacional.usac.edu.gt\/wp-content\/uploads\/2024\/09\/457218232_973216641275358_6663520215621804946_n-480x270.jpg 480w\" sizes=\"(min-width: 0px) and (max-width: 480px) 480px, (min-width: 481px) and (max-width: 980px) 980px, (min-width: 981px) 1024px, 100vw\" \/><\/figure>\n\n\n\n<figure class=\"wp-block-image size-large\"><img loading=\"lazy\" decoding=\"async\" width=\"1024\" height=\"576\" data-id=\"2207\" src=\"https:\/\/cooperacioninternacional.usac.edu.gt\/wp-content\/uploads\/2024\/09\/457310450_973216437942045_2746506942405357268_n-1024x576.jpg\" alt=\"\" class=\"wp-image-2207\" srcset=\"https:\/\/cooperacioninternacional.usac.edu.gt\/wp-content\/uploads\/2024\/09\/457310450_973216437942045_2746506942405357268_n-980x551.jpg 980w, https:\/\/cooperacioninternacional.usac.edu.gt\/wp-content\/uploads\/2024\/09\/457310450_973216437942045_2746506942405357268_n-480x270.jpg 480w\" sizes=\"(min-width: 0px) and (max-width: 480px) 480px, (min-width: 481px) and (max-width: 980px) 980px, (min-width: 981px) 1024px, 100vw\" \/><\/figure>\n<\/figure>\n","protected":false},"excerpt":{"rendered":"<p>POR PRIMERA VEZ la Universidad de San Carlos de Guatemala a trav\u00e9s de Editorial Universitaria participa en la VI Feria Internacional del Libro de las Universitarias y los Universitarios- FILUNI -de la UNAM Universidad Nacional Aut\u00f3noma de M\u00e9xico Felicitamos a la Editorial y a la Direcci\u00f3n General De Extensi\u00f3n Universitaria USAC por ser parte de [&hellip;]<\/p>\n","protected":false},"author":5,"featured_media":2210,"comment_status":"open","ping_status":"open","sticky":false,"template":"","format":"standard","meta":{"_et_pb_use_builder":"off","_et_pb_old_content":"","_et_gb_content_width":"","footnotes":""},"categories":[9],"tags":[],"class_list":["post-2200","post","type-post","status-publish","format-standard","has-post-thumbnail","hentry","category-noticias"],"_links":{"self":[{"href":"https:\/\/cooperacioninternacional.usac.edu.gt\/index.php?rest_route=\/wp\/v2\/posts\/2200","targetHints":{"allow":["GET"]}}],"collection":[{"href":"https:\/\/cooperacioninternacional.usac.edu.gt\/index.php?rest_route=\/wp\/v2\/posts"}],"about":[{"href":"https:\/\/cooperacioninternacional.usac.edu.gt\/index.php?rest_route=\/wp\/v2\/types\/post"}],"author":[{"embeddable":true,"href":"https:\/\/cooperacioninternacional.usac.edu.gt\/index.php?rest_route=\/wp\/v2\/users\/5"}],"replies":[{"embeddable":true,"href":"https:\/\/cooperacioninternacional.usac.edu.gt\/index.php?rest_route=%2Fwp%2Fv2%2Fcomments&post=2200"}],"version-history":[{"count":1,"href":"https:\/\/cooperacioninternacional.usac.edu.gt\/index.php?rest_route=\/wp\/v2\/posts\/2200\/revisions"}],"predecessor-version":[{"id":2211,"href":"https:\/\/cooperacioninternacional.usac.edu.gt\/index.php?rest_route=\/wp\/v2\/posts\/2200\/revisions\/2211"}],"wp:featuredmedia":[{"embeddable":true,"href":"https:\/\/cooperacioninternacional.usac.edu.gt\/index.php?rest_route=\/wp\/v2\/media\/2210"}],"wp:attachment":[{"href":"https:\/\/cooperacioninternacional.usac.edu.gt\/index.php?rest_route=%2Fwp%2Fv2%2Fmedia&parent=2200"}],"wp:term":[{"taxonomy":"category","embeddable":true,"href":"https:\/\/cooperacioninternacional.usac.edu.gt\/index.php?rest_route=%2Fwp%2Fv2%2Fcategories&post=2200"},{"taxonomy":"post_tag","embeddable":true,"href":"https:\/\/cooperacioninternacional.usac.edu.gt\/index.php?rest_route=%2Fwp%2Fv2%2Ftags&post=2200"}],"curies":[{"name":"wp","href":"https:\/\/api.w.org\/{rel}","templated":true}]}}