{"id":2233,"date":"2024-09-09T15:28:25","date_gmt":"2024-09-09T15:28:25","guid":{"rendered":"https:\/\/cooperacioninternacional.usac.edu.gt\/?p=2233"},"modified":"2024-09-09T15:28:27","modified_gmt":"2024-09-09T15:28:27","slug":"2233","status":"publish","type":"post","link":"https:\/\/cooperacioninternacional.usac.edu.gt\/?p=2233","title":{"rendered":""},"content":{"rendered":"\n<figure class=\"wp-block-image\"><img decoding=\"async\" src=\"https:\/\/static.xx.fbcdn.net\/images\/emoji.php\/v9\/t34\/1\/16\/1f1ea_1f1f8.png\" alt=\"\ud83c\uddea\ud83c\uddf8\"\/><\/figure>\n\n\n\n<figure class=\"wp-block-image\"><img decoding=\"async\" src=\"https:\/\/static.xx.fbcdn.net\/images\/emoji.php\/v9\/t49\/1\/16\/1f4da.png\" alt=\"\ud83d\udcda\"\/><\/figure>\n\n\n\n<figure class=\"wp-block-image\"><img decoding=\"async\" src=\"https:\/\/static.xx.fbcdn.net\/images\/emoji.php\/v9\/tb6\/1\/16\/2708.png\" alt=\"\u2708\ufe0f\"\/><\/figure>\n\n\n\n<p>BECA <a href=\"https:\/\/www.facebook.com\/EUErasmusPlusProgramme?__cft__[0]=AZUmdURjII0FFqgtZCSpkndHs3oPFfJ0tX8mVTey-aJVDlKiVs8O9pAMM2w2IiCsQJil_ynbbrbxCELMkyvkJ9BDVkHmW0AcJrXSDZDDS8II0mDCSm0kFNsdT4-19FguWhWutm57oAknhRCZhQ5BwSqgHw5m9dl64U3r3YiuOzx2AsfZ9b9emAMoSdM_5seKHnVYit7mX6l7QB94Mb4Hxc_5&amp;__tn__=-]K-R\">Erasmus+<\/a> en la <a href=\"https:\/\/www.facebook.com\/UPV?__cft__[0]=AZUmdURjII0FFqgtZCSpkndHs3oPFfJ0tX8mVTey-aJVDlKiVs8O9pAMM2w2IiCsQJil_ynbbrbxCELMkyvkJ9BDVkHmW0AcJrXSDZDDS8II0mDCSm0kFNsdT4-19FguWhWutm57oAknhRCZhQ5BwSqgHw5m9dl64U3r3YiuOzx2AsfZ9b9emAMoSdM_5seKHnVYit7mX6l7QB94Mb4Hxc_5&amp;__tn__=-]K-R\">Universitat Polit\u00e8cnica de Val\u00e8ncia UPV<\/a><\/p>\n\n\n\n<p><img loading=\"lazy\" decoding=\"async\" height=\"16\" width=\"16\" alt=\"\ud83c\uddea\ud83c\uddf8\" src=\"https:\/\/static.xx.fbcdn.net\/images\/emoji.php\/v9\/t34\/1\/16\/1f1ea_1f1f8.png\"><img loading=\"lazy\" decoding=\"async\" height=\"16\" width=\"16\" alt=\"\ud83d\udcda\" src=\"https:\/\/static.xx.fbcdn.net\/images\/emoji.php\/v9\/t49\/1\/16\/1f4da.png\"><img loading=\"lazy\" decoding=\"async\" height=\"16\" width=\"16\" alt=\"\u2708\ufe0f\" src=\"https:\/\/static.xx.fbcdn.net\/images\/emoji.php\/v9\/tb6\/1\/16\/2708.png\"> BECA <a href=\"https:\/\/www.facebook.com\/EUErasmusPlusProgramme?__cft__[0]=AZUmdURjII0FFqgtZCSpkndHs3oPFfJ0tX8mVTey-aJVDlKiVs8O9pAMM2w2IiCsQJil_ynbbrbxCELMkyvkJ9BDVkHmW0AcJrXSDZDDS8II0mDCSm0kFNsdT4-19FguWhWutm57oAknhRCZhQ5BwSqgHw5m9dl64U3r3YiuOzx2AsfZ9b9emAMoSdM_5seKHnVYit7mX6l7QB94Mb4Hxc_5&amp;__tn__=-]K-R\">Erasmus+<\/a> en la <a href=\"https:\/\/www.facebook.com\/UPV?__cft__[0]=AZUmdURjII0FFqgtZCSpkndHs3oPFfJ0tX8mVTey-aJVDlKiVs8O9pAMM2w2IiCsQJil_ynbbrbxCELMkyvkJ9BDVkHmW0AcJrXSDZDDS8II0mDCSm0kFNsdT4-19FguWhWutm57oAknhRCZhQ5BwSqgHw5m9dl64U3r3YiuOzx2AsfZ9b9emAMoSdM_5seKHnVYit7mX6l7QB94Mb4Hxc_5&amp;__tn__=-]K-R\">Universitat Polit\u00e8cnica de Val\u00e8ncia UPV<\/a><\/p>\n\n\n\n<p><img loading=\"lazy\" decoding=\"async\" height=\"16\" width=\"16\" alt=\"\ud83d\udc77\ud83c\udffb\u200d\u2642\ufe0f\" src=\"https:\/\/static.xx.fbcdn.net\/images\/emoji.php\/v9\/t17\/1\/16\/1f477_1f3fb_200d_2642.png\"><img loading=\"lazy\" decoding=\"async\" height=\"16\" width=\"16\" alt=\"\ud83d\udc77\ud83c\udffb\u200d\u2640\ufe0f\" src=\"https:\/\/static.xx.fbcdn.net\/images\/emoji.php\/v9\/t15\/1\/16\/1f477_1f3fb_200d_2640.png\"> Dirigido a estudiantes de pregrado, grado y posgrado de la <a href=\"https:\/\/www.facebook.com\/FIUSAC?__cft__[0]=AZUmdURjII0FFqgtZCSpkndHs3oPFfJ0tX8mVTey-aJVDlKiVs8O9pAMM2w2IiCsQJil_ynbbrbxCELMkyvkJ9BDVkHmW0AcJrXSDZDDS8II0mDCSm0kFNsdT4-19FguWhWutm57oAknhRCZhQ5BwSqgHw5m9dl64U3r3YiuOzx2AsfZ9b9emAMoSdM_5seKHnVYit7mX6l7QB94Mb4Hxc_5&amp;__tn__=-]K-R\">FIUSAC-Facultad de Ingenier\u00eda<\/a> de la <a href=\"https:\/\/www.facebook.com\/UsacOficial?__cft__[0]=AZUmdURjII0FFqgtZCSpkndHs3oPFfJ0tX8mVTey-aJVDlKiVs8O9pAMM2w2IiCsQJil_ynbbrbxCELMkyvkJ9BDVkHmW0AcJrXSDZDDS8II0mDCSm0kFNsdT4-19FguWhWutm57oAknhRCZhQ5BwSqgHw5m9dl64U3r3YiuOzx2AsfZ9b9emAMoSdM_5seKHnVYit7mX6l7QB94Mb4Hxc_5&amp;__tn__=-]K-R\">Universidad de San Carlos de Guatemala<\/a>.<\/p>\n\n\n\n<p>\ud83d\udeb6\ud83c\udffb\u200d\u2640\ufe0f\u200d\u27a1\ufe0f<img loading=\"lazy\" decoding=\"async\" height=\"16\" width=\"16\" alt=\"\ud83d\udeb6\u200d\u2642\ufe0f\" src=\"https:\/\/static.xx.fbcdn.net\/images\/emoji.php\/v9\/t92\/1\/16\/1f6b6_200d_2642.png\">El per\u00edodo de movilidad ser\u00e1 de febrero &#8211; julio 2025<\/p>\n\n\n\n<p><img loading=\"lazy\" decoding=\"async\" height=\"16\" width=\"16\" alt=\"\ud83d\uddd2\ufe0f\" src=\"https:\/\/static.xx.fbcdn.net\/images\/emoji.php\/v9\/tdb\/1\/16\/1f5d2.png\"><a><\/a>Requisitos: revisar las im\u00e1genes<\/p>\n\n\n\n<p><img loading=\"lazy\" decoding=\"async\" height=\"16\" width=\"16\" alt=\"\ud83d\udc40\" src=\"https:\/\/static.xx.fbcdn.net\/images\/emoji.php\/v9\/tc8\/1\/16\/1f440.png\"> Para informarse sobre condiciones de la beca Erasmus+, dirijase a la web del proyecto:<\/p>\n\n\n\n<figure class=\"wp-block-embed\"><div class=\"wp-block-embed__wrapper\">\nhttps:\/\/erasmus-ka171.webs.upv.es\n<\/div><\/figure>\n\n\n\n<p><img loading=\"lazy\" decoding=\"async\" height=\"16\" width=\"16\" alt=\"\ud83d\udcbb\" src=\"https:\/\/static.xx.fbcdn.net\/images\/emoji.php\/v9\/t8c\/1\/16\/1f4bb.png\"> Asignaturas disponibles, dirijase a la web de la UPV:<\/p>\n\n\n\n<figure class=\"wp-block-embed\"><div class=\"wp-block-embed__wrapper\">\nhttps:\/\/aplicat.upv.es\/buscasiupv-app\n<\/div><\/figure>\n\n\n\n<p><img loading=\"lazy\" decoding=\"async\" height=\"16\" width=\"16\" alt=\"\ud83d\udd0d\" src=\"https:\/\/static.xx.fbcdn.net\/images\/emoji.php\/v9\/tc1\/1\/16\/1f50d.png\"> Cualquier informaci\u00f3n adicional, s\u00edrvase ponerse en contacto con MSc. Mar\u00eda Teresa Molina Santos,<\/p>\n\n\n\n<p>e-mail: mtmolina_33@hotmail.com<\/p>\n\n\n\n<p><img loading=\"lazy\" decoding=\"async\" height=\"16\" width=\"16\" alt=\"\ud83d\uddd3\ufe0f\" src=\"https:\/\/static.xx.fbcdn.net\/images\/emoji.php\/v9\/t5c\/1\/16\/1f5d3.png\"> Fecha l\u00edmite de postulaci\u00f3n: 12 sept. 2024<\/p>\n\n\n\n<figure class=\"wp-block-gallery has-nested-images columns-default is-cropped wp-block-gallery-1 is-layout-flex wp-block-gallery-is-layout-flex\">\n<figure class=\"wp-block-image size-large\"><img loading=\"lazy\" decoding=\"async\" width=\"914\" height=\"1024\" data-id=\"2234\" src=\"https:\/\/cooperacioninternacional.usac.edu.gt\/wp-content\/uploads\/2024\/09\/458327587_977038037559885_2718451095738858166_n-914x1024.jpg\" alt=\"\" class=\"wp-image-2234\"\/><\/figure>\n<\/figure>\n\n\n\n<figure class=\"wp-block-image size-large\"><img loading=\"lazy\" decoding=\"async\" width=\"849\" height=\"1024\" src=\"https:\/\/cooperacioninternacional.usac.edu.gt\/wp-content\/uploads\/2024\/09\/457441200_977037857559903_3019258853458862750_n-849x1024.jpg\" alt=\"\" class=\"wp-image-2235\"\/><\/figure>\n","protected":false},"excerpt":{"rendered":"<p>BECA Erasmus+ en la Universitat Polit\u00e8cnica de Val\u00e8ncia UPV BECA Erasmus+ en la Universitat Polit\u00e8cnica de Val\u00e8ncia UPV Dirigido a estudiantes de pregrado, grado y posgrado de la FIUSAC-Facultad de Ingenier\u00eda de la Universidad de San Carlos de Guatemala. \ud83d\udeb6\ud83c\udffb\u200d\u2640\ufe0f\u200d\u27a1\ufe0fEl per\u00edodo de movilidad ser\u00e1 de febrero &#8211; julio 2025 Requisitos: revisar las im\u00e1genes Para informarse [&hellip;]<\/p>\n","protected":false},"author":5,"featured_media":0,"comment_status":"open","ping_status":"open","sticky":false,"template":"","format":"standard","meta":{"_et_pb_use_builder":"off","_et_pb_old_content":"","_et_gb_content_width":"","footnotes":""},"categories":[37,1],"tags":[],"class_list":["post-2233","post","type-post","status-publish","format-standard","hentry","category-convocatoria-abierta","category-convocatorias"],"_links":{"self":[{"href":"https:\/\/cooperacioninternacional.usac.edu.gt\/index.php?rest_route=\/wp\/v2\/posts\/2233","targetHints":{"allow":["GET"]}}],"collection":[{"href":"https:\/\/cooperacioninternacional.usac.edu.gt\/index.php?rest_route=\/wp\/v2\/posts"}],"about":[{"href":"https:\/\/cooperacioninternacional.usac.edu.gt\/index.php?rest_route=\/wp\/v2\/types\/post"}],"author":[{"embeddable":true,"href":"https:\/\/cooperacioninternacional.usac.edu.gt\/index.php?rest_route=\/wp\/v2\/users\/5"}],"replies":[{"embeddable":true,"href":"https:\/\/cooperacioninternacional.usac.edu.gt\/index.php?rest_route=%2Fwp%2Fv2%2Fcomments&post=2233"}],"version-history":[{"count":1,"href":"https:\/\/cooperacioninternacional.usac.edu.gt\/index.php?rest_route=\/wp\/v2\/posts\/2233\/revisions"}],"predecessor-version":[{"id":2236,"href":"https:\/\/cooperacioninternacional.usac.edu.gt\/index.php?rest_route=\/wp\/v2\/posts\/2233\/revisions\/2236"}],"wp:attachment":[{"href":"https:\/\/cooperacioninternacional.usac.edu.gt\/index.php?rest_route=%2Fwp%2Fv2%2Fmedia&parent=2233"}],"wp:term":[{"taxonomy":"category","embeddable":true,"href":"https:\/\/cooperacioninternacional.usac.edu.gt\/index.php?rest_route=%2Fwp%2Fv2%2Fcategories&post=2233"},{"taxonomy":"post_tag","embeddable":true,"href":"https:\/\/cooperacioninternacional.usac.edu.gt\/index.php?rest_route=%2Fwp%2Fv2%2Ftags&post=2233"}],"curies":[{"name":"wp","href":"https:\/\/api.w.org\/{rel}","templated":true}]}}