{"id":2265,"date":"2024-09-17T21:15:46","date_gmt":"2024-09-17T21:15:46","guid":{"rendered":"https:\/\/cooperacioninternacional.usac.edu.gt\/?p=2265"},"modified":"2024-09-17T21:20:15","modified_gmt":"2024-09-17T21:20:15","slug":"visita-de-embajada-de-corea-del-sur-a-usac-proyecto-window-on-korea","status":"publish","type":"post","link":"https:\/\/cooperacioninternacional.usac.edu.gt\/?p=2265","title":{"rendered":"Visita de Embajada de Corea del Sur a USAC: Proyecto  Window On Korea"},"content":{"rendered":"\n<p>El d\u00eda de hoy <a href=\"https:\/\/www.facebook.com\/cooperacionUSAC?__cft__[0]=AZUoY8fJydn607PRJl-vdnEag1RnOOylVI50gkG6r1lccvilN7HOCVgFx5g3Asc6A6K-4PM2IoK1qKcIy8cAD3JNZ0LySHDk9bGUbkEVubsaJawqYSPEPQ85GBBDSjMR7-zqol_i-VBS1Wwpu4ZlnEjoA4OQCRuHVLm436AY7fFuahtdiMot9ifYBMiCmSzBIC3Cwe-BrW_rdwpeLAPOS1Ri&amp;__tn__=-]K-R\">Cooperaci\u00f3n y Relaciones Internacionales &#8211; USAC<\/a> , <a href=\"https:\/\/www.facebook.com\/BiblioUSACentral?__cft__[0]=AZUoY8fJydn607PRJl-vdnEag1RnOOylVI50gkG6r1lccvilN7HOCVgFx5g3Asc6A6K-4PM2IoK1qKcIy8cAD3JNZ0LySHDk9bGUbkEVubsaJawqYSPEPQ85GBBDSjMR7-zqol_i-VBS1Wwpu4ZlnEjoA4OQCRuHVLm436AY7fFuahtdiMot9ifYBMiCmSzBIC3Cwe-BrW_rdwpeLAPOS1Ri&amp;__tn__=-]K-R\">Biblioteca Central USAC (Oficial)<\/a> y <a href=\"https:\/\/www.facebook.com\/embajada.corea.guate?__cft__[0]=AZUoY8fJydn607PRJl-vdnEag1RnOOylVI50gkG6r1lccvilN7HOCVgFx5g3Asc6A6K-4PM2IoK1qKcIy8cAD3JNZ0LySHDk9bGUbkEVubsaJawqYSPEPQ85GBBDSjMR7-zqol_i-VBS1Wwpu4ZlnEjoA4OQCRuHVLm436AY7fFuahtdiMot9ifYBMiCmSzBIC3Cwe-BrW_rdwpeLAPOS1Ri&amp;__tn__=-]K-R\">\uc8fc\uacfc\ud14c\ub9d0\ub77c\ub300\ud55c\ubbfc\uad6d\ub300\uc0ac\uad00(Embajada de la Rep\u00fablica de Corea en Guatemala)<\/a> sostuvieron una reuni\u00f3n para conocer detalles del proyecto: Window On Korea\u201d .<\/p>\n\n\n\n<p>La <a href=\"https:\/\/www.facebook.com\/UsacOficial?__cft__[0]=AZUoY8fJydn607PRJl-vdnEag1RnOOylVI50gkG6r1lccvilN7HOCVgFx5g3Asc6A6K-4PM2IoK1qKcIy8cAD3JNZ0LySHDk9bGUbkEVubsaJawqYSPEPQ85GBBDSjMR7-zqol_i-VBS1Wwpu4ZlnEjoA4OQCRuHVLm436AY7fFuahtdiMot9ifYBMiCmSzBIC3Cwe-BrW_rdwpeLAPOS1Ri&amp;__tn__=-]K-R\">Universidad de San Carlos de Guatemala<\/a> participar\u00e1 en la postulaci\u00f3n, de ser ganada traer\u00e1 m\u00faltiples beneficios a la comunidad sancarlista y poblaci\u00f3n guatemalteca.<\/p>\n\n\n\n<p>El trabajo en conjunto ser\u00e1 clave en la elaboraci\u00f3n del proyecto que permitir\u00e1 fortalecer los lazos culturales y acad\u00e9micos entre Guatemala y Corea del Sur.<\/p>\n\n\n\n<p>Agradecemos a la Embajada de Corea por el inter\u00e9s en trabajar en conjunto con la \u00fanica Universidad P\u00fablica de Guatemala. <\/p>\n\n\n\n<figure class=\"wp-block-gallery has-nested-images columns-default is-cropped wp-block-gallery-1 is-layout-flex wp-block-gallery-is-layout-flex\">\n<figure class=\"wp-block-image size-large\"><img loading=\"lazy\" decoding=\"async\" width=\"1024\" height=\"576\" data-id=\"2266\" src=\"https:\/\/cooperacioninternacional.usac.edu.gt\/wp-content\/uploads\/2024\/09\/459833585_987070169890005_1323012608443354389_n-1024x576.jpg\" alt=\"\" class=\"wp-image-2266\" srcset=\"https:\/\/cooperacioninternacional.usac.edu.gt\/wp-content\/uploads\/2024\/09\/459833585_987070169890005_1323012608443354389_n-980x551.jpg 980w, https:\/\/cooperacioninternacional.usac.edu.gt\/wp-content\/uploads\/2024\/09\/459833585_987070169890005_1323012608443354389_n-480x270.jpg 480w\" sizes=\"(min-width: 0px) and (max-width: 480px) 480px, (min-width: 481px) and (max-width: 980px) 980px, (min-width: 981px) 1024px, 100vw\" \/><\/figure>\n\n\n\n<figure class=\"wp-block-image size-large\"><img loading=\"lazy\" decoding=\"async\" width=\"1024\" height=\"768\" data-id=\"2267\" src=\"https:\/\/cooperacioninternacional.usac.edu.gt\/wp-content\/uploads\/2024\/09\/459994917_987070116556677_3376482291802595373_n-1024x768.jpg\" alt=\"\" class=\"wp-image-2267\" srcset=\"https:\/\/cooperacioninternacional.usac.edu.gt\/wp-content\/uploads\/2024\/09\/459994917_987070116556677_3376482291802595373_n-1024x768.jpg 1024w, https:\/\/cooperacioninternacional.usac.edu.gt\/wp-content\/uploads\/2024\/09\/459994917_987070116556677_3376482291802595373_n-980x735.jpg 980w, https:\/\/cooperacioninternacional.usac.edu.gt\/wp-content\/uploads\/2024\/09\/459994917_987070116556677_3376482291802595373_n-480x360.jpg 480w\" sizes=\"(min-width: 0px) and (max-width: 480px) 480px, (min-width: 481px) and (max-width: 980px) 980px, (min-width: 981px) 1024px, 100vw\" \/><\/figure>\n<\/figure>\n\n\n\n<figure class=\"wp-block-gallery has-nested-images columns-default is-cropped wp-block-gallery-2 is-layout-flex wp-block-gallery-is-layout-flex\">\n<figure class=\"wp-block-image size-large\"><img loading=\"lazy\" decoding=\"async\" width=\"1024\" height=\"653\" data-id=\"2268\" src=\"https:\/\/cooperacioninternacional.usac.edu.gt\/wp-content\/uploads\/2024\/09\/459993798_987070159890006_3236078360941866301_n-1024x653.jpg\" alt=\"\" class=\"wp-image-2268\" srcset=\"https:\/\/cooperacioninternacional.usac.edu.gt\/wp-content\/uploads\/2024\/09\/459993798_987070159890006_3236078360941866301_n-1024x653.jpg 1024w, https:\/\/cooperacioninternacional.usac.edu.gt\/wp-content\/uploads\/2024\/09\/459993798_987070159890006_3236078360941866301_n-980x625.jpg 980w, https:\/\/cooperacioninternacional.usac.edu.gt\/wp-content\/uploads\/2024\/09\/459993798_987070159890006_3236078360941866301_n-480x306.jpg 480w\" sizes=\"(min-width: 0px) and (max-width: 480px) 480px, (min-width: 481px) and (max-width: 980px) 980px, (min-width: 981px) 1024px, 100vw\" \/><\/figure>\n\n\n\n<figure class=\"wp-block-image size-large\"><img loading=\"lazy\" decoding=\"async\" width=\"1024\" height=\"768\" data-id=\"2269\" src=\"https:\/\/cooperacioninternacional.usac.edu.gt\/wp-content\/uploads\/2024\/09\/460421877_987070176556671_2410629964130545274_n-1024x768.jpg\" alt=\"\" class=\"wp-image-2269\" srcset=\"https:\/\/cooperacioninternacional.usac.edu.gt\/wp-content\/uploads\/2024\/09\/460421877_987070176556671_2410629964130545274_n-1024x768.jpg 1024w, https:\/\/cooperacioninternacional.usac.edu.gt\/wp-content\/uploads\/2024\/09\/460421877_987070176556671_2410629964130545274_n-980x735.jpg 980w, https:\/\/cooperacioninternacional.usac.edu.gt\/wp-content\/uploads\/2024\/09\/460421877_987070176556671_2410629964130545274_n-480x360.jpg 480w\" sizes=\"(min-width: 0px) and (max-width: 480px) 480px, (min-width: 481px) and (max-width: 980px) 980px, (min-width: 981px) 1024px, 100vw\" \/><\/figure>\n<\/figure>\n","protected":false},"excerpt":{"rendered":"<p>El d\u00eda de hoy Cooperaci\u00f3n y Relaciones Internacionales &#8211; USAC , Biblioteca Central USAC (Oficial) y \uc8fc\uacfc\ud14c\ub9d0\ub77c\ub300\ud55c\ubbfc\uad6d\ub300\uc0ac\uad00(Embajada de la Rep\u00fablica de Corea en Guatemala) sostuvieron una reuni\u00f3n para conocer detalles del proyecto: Window On Korea\u201d . La Universidad de San Carlos de Guatemala participar\u00e1 en la postulaci\u00f3n, de ser ganada traer\u00e1 m\u00faltiples beneficios a la [&hellip;]<\/p>\n","protected":false},"author":3,"featured_media":2272,"comment_status":"open","ping_status":"open","sticky":false,"template":"","format":"standard","meta":{"_et_pb_use_builder":"off","_et_pb_old_content":"","_et_gb_content_width":"","footnotes":""},"categories":[9],"tags":[],"class_list":["post-2265","post","type-post","status-publish","format-standard","has-post-thumbnail","hentry","category-noticias"],"_links":{"self":[{"href":"https:\/\/cooperacioninternacional.usac.edu.gt\/index.php?rest_route=\/wp\/v2\/posts\/2265","targetHints":{"allow":["GET"]}}],"collection":[{"href":"https:\/\/cooperacioninternacional.usac.edu.gt\/index.php?rest_route=\/wp\/v2\/posts"}],"about":[{"href":"https:\/\/cooperacioninternacional.usac.edu.gt\/index.php?rest_route=\/wp\/v2\/types\/post"}],"author":[{"embeddable":true,"href":"https:\/\/cooperacioninternacional.usac.edu.gt\/index.php?rest_route=\/wp\/v2\/users\/3"}],"replies":[{"embeddable":true,"href":"https:\/\/cooperacioninternacional.usac.edu.gt\/index.php?rest_route=%2Fwp%2Fv2%2Fcomments&post=2265"}],"version-history":[{"count":1,"href":"https:\/\/cooperacioninternacional.usac.edu.gt\/index.php?rest_route=\/wp\/v2\/posts\/2265\/revisions"}],"predecessor-version":[{"id":2270,"href":"https:\/\/cooperacioninternacional.usac.edu.gt\/index.php?rest_route=\/wp\/v2\/posts\/2265\/revisions\/2270"}],"wp:featuredmedia":[{"embeddable":true,"href":"https:\/\/cooperacioninternacional.usac.edu.gt\/index.php?rest_route=\/wp\/v2\/media\/2272"}],"wp:attachment":[{"href":"https:\/\/cooperacioninternacional.usac.edu.gt\/index.php?rest_route=%2Fwp%2Fv2%2Fmedia&parent=2265"}],"wp:term":[{"taxonomy":"category","embeddable":true,"href":"https:\/\/cooperacioninternacional.usac.edu.gt\/index.php?rest_route=%2Fwp%2Fv2%2Fcategories&post=2265"},{"taxonomy":"post_tag","embeddable":true,"href":"https:\/\/cooperacioninternacional.usac.edu.gt\/index.php?rest_route=%2Fwp%2Fv2%2Ftags&post=2265"}],"curies":[{"name":"wp","href":"https:\/\/api.w.org\/{rel}","templated":true}]}}