{"id":2287,"date":"2024-10-30T17:06:43","date_gmt":"2024-10-30T17:06:43","guid":{"rendered":"https:\/\/cooperacioninternacional.usac.edu.gt\/?p=2287"},"modified":"2024-10-30T17:06:44","modified_gmt":"2024-10-30T17:06:44","slug":"te-gustaria-estudiar-en-el-extranjero","status":"publish","type":"post","link":"https:\/\/cooperacioninternacional.usac.edu.gt\/?p=2287","title":{"rendered":"\u00bfTe gustar\u00eda estudiar en el extranjero?"},"content":{"rendered":"\n<p><img loading=\"lazy\" decoding=\"async\" height=\"16\" width=\"16\" alt=\"\ud83d\udeb6\ud83c\udffb\u200d\u2640\ufe0f\" src=\"https:\/\/static.xx.fbcdn.net\/images\/emoji.php\/v9\/tcb\/1\/16\/1f6b6_1f3fb_200d_2640.png\"><img loading=\"lazy\" decoding=\"async\" height=\"16\" width=\"16\" alt=\"\ud83d\uddfa\ufe0f\" src=\"https:\/\/static.xx.fbcdn.net\/images\/emoji.php\/v9\/tc8\/1\/16\/1f5fa.png\"> \u00bfTe gustar\u00eda estudiar en el extranjero?<\/p>\n\n\n\n<p><img loading=\"lazy\" decoding=\"async\" height=\"16\" width=\"16\" alt=\"\ud83d\udc40\" src=\"https:\/\/static.xx.fbcdn.net\/images\/emoji.php\/v9\/tc8\/1\/16\/1f440.png\"> Si la respuesta fue: s\u00ed. Est\u00e1 publicaci\u00f3n es para ti <img loading=\"lazy\" decoding=\"async\" height=\"16\" width=\"16\" alt=\"\ud83d\udc47\ud83c\udffc\" src=\"https:\/\/static.xx.fbcdn.net\/images\/emoji.php\/v9\/tb\/1\/16\/1f447_1f3fc.png\"><\/p>\n\n\n\n<p><img loading=\"lazy\" decoding=\"async\" height=\"16\" width=\"16\" alt=\"\ud83d\udca3\" src=\"https:\/\/static.xx.fbcdn.net\/images\/emoji.php\/v9\/t3e\/1\/16\/1f4a3.png\"> Por primera vez en el Festival de Becas de la <a href=\"https:\/\/www.facebook.com\/UsacOficial?__cft__[0]=AZVB7qWhgEbtSV6jWgmG__k3ojz_yw0OYm0Mbj8Og5KsQXsoLn0drJMOzjeTs86Y0jdEYr0-TothSOrdfETQRh-qaaSvFIWw-T7INJCGp53_0EmHSe8M-9tFlU6mDG3-1dh2ntQaS63hwJF2HO3j2_Xv-rnnP5S88BpLMFTpSJhvXI6i80ivjfBOlIZnbAxvUe4&amp;__tn__=-]K-R\">Universidad de San Carlos de Guatemala<\/a> estar\u00e1 presente la <a href=\"https:\/\/www.facebook.com\/UDUALCredsocial?__cft__[0]=AZVB7qWhgEbtSV6jWgmG__k3ojz_yw0OYm0Mbj8Og5KsQXsoLn0drJMOzjeTs86Y0jdEYr0-TothSOrdfETQRh-qaaSvFIWw-T7INJCGp53_0EmHSe8M-9tFlU6mDG3-1dh2ntQaS63hwJF2HO3j2_Xv-rnnP5S88BpLMFTpSJhvXI6i80ivjfBOlIZnbAxvUe4&amp;__tn__=-]K-R\">Udualc<\/a> , asociaci\u00f3n que promueve el Programa Acad\u00e9mico de Movilidad Educativa &#8211; PAME &#8211; en modalidad presencial y virtual.<\/p>\n\n\n\n<p><img loading=\"lazy\" decoding=\"async\" height=\"16\" width=\"16\" alt=\"\ud83d\udde3\ufe0f\" src=\"https:\/\/static.xx.fbcdn.net\/images\/emoji.php\/v9\/tfb\/1\/16\/1f5e3.png\"><a><\/a>Conoce c\u00f3mo aplicar a las convocatorias y sus beneficios asistiendo el 03 y 04 de octubre a nuestro evento <img loading=\"lazy\" decoding=\"async\" height=\"16\" width=\"16\" alt=\"\ud83d\udcda\" src=\"https:\/\/static.xx.fbcdn.net\/images\/emoji.php\/v9\/t49\/1\/16\/1f4da.png\"><\/p>\n\n\n\n<p><img loading=\"lazy\" decoding=\"async\" height=\"16\" width=\"16\" alt=\"\ud83d\udc4b\ud83c\udffb\" src=\"https:\/\/static.xx.fbcdn.net\/images\/emoji.php\/v9\/tf5\/1\/16\/1f44b_1f3fb.png\"> Nos vemos pronto.<\/p>\n\n\n\n<figure class=\"wp-block-image size-large\"><img loading=\"lazy\" decoding=\"async\" width=\"1024\" height=\"914\" src=\"https:\/\/cooperacioninternacional.usac.edu.gt\/wp-content\/uploads\/2024\/10\/461124225_991433662786989_3779259023964096613_n-1024x914.jpg\" alt=\"\" class=\"wp-image-2288\" srcset=\"https:\/\/cooperacioninternacional.usac.edu.gt\/wp-content\/uploads\/2024\/10\/461124225_991433662786989_3779259023964096613_n-1024x914.jpg 1024w, https:\/\/cooperacioninternacional.usac.edu.gt\/wp-content\/uploads\/2024\/10\/461124225_991433662786989_3779259023964096613_n-980x874.jpg 980w, https:\/\/cooperacioninternacional.usac.edu.gt\/wp-content\/uploads\/2024\/10\/461124225_991433662786989_3779259023964096613_n-480x428.jpg 480w\" sizes=\"(min-width: 0px) and (max-width: 480px) 480px, (min-width: 481px) and (max-width: 980px) 980px, (min-width: 981px) 1024px, 100vw\" \/><\/figure>\n","protected":false},"excerpt":{"rendered":"<p>\u00bfTe gustar\u00eda estudiar en el extranjero? Si la respuesta fue: s\u00ed. Est\u00e1 publicaci\u00f3n es para ti Por primera vez en el Festival de Becas de la Universidad de San Carlos de Guatemala estar\u00e1 presente la Udualc , asociaci\u00f3n que promueve el Programa Acad\u00e9mico de Movilidad Educativa &#8211; PAME &#8211; en modalidad presencial y virtual. Conoce [&hellip;]<\/p>\n","protected":false},"author":5,"featured_media":0,"comment_status":"open","ping_status":"open","sticky":false,"template":"","format":"standard","meta":{"_et_pb_use_builder":"off","_et_pb_old_content":"","_et_gb_content_width":"","footnotes":""},"categories":[1],"tags":[],"class_list":["post-2287","post","type-post","status-publish","format-standard","hentry","category-convocatorias"],"_links":{"self":[{"href":"https:\/\/cooperacioninternacional.usac.edu.gt\/index.php?rest_route=\/wp\/v2\/posts\/2287","targetHints":{"allow":["GET"]}}],"collection":[{"href":"https:\/\/cooperacioninternacional.usac.edu.gt\/index.php?rest_route=\/wp\/v2\/posts"}],"about":[{"href":"https:\/\/cooperacioninternacional.usac.edu.gt\/index.php?rest_route=\/wp\/v2\/types\/post"}],"author":[{"embeddable":true,"href":"https:\/\/cooperacioninternacional.usac.edu.gt\/index.php?rest_route=\/wp\/v2\/users\/5"}],"replies":[{"embeddable":true,"href":"https:\/\/cooperacioninternacional.usac.edu.gt\/index.php?rest_route=%2Fwp%2Fv2%2Fcomments&post=2287"}],"version-history":[{"count":1,"href":"https:\/\/cooperacioninternacional.usac.edu.gt\/index.php?rest_route=\/wp\/v2\/posts\/2287\/revisions"}],"predecessor-version":[{"id":2289,"href":"https:\/\/cooperacioninternacional.usac.edu.gt\/index.php?rest_route=\/wp\/v2\/posts\/2287\/revisions\/2289"}],"wp:attachment":[{"href":"https:\/\/cooperacioninternacional.usac.edu.gt\/index.php?rest_route=%2Fwp%2Fv2%2Fmedia&parent=2287"}],"wp:term":[{"taxonomy":"category","embeddable":true,"href":"https:\/\/cooperacioninternacional.usac.edu.gt\/index.php?rest_route=%2Fwp%2Fv2%2Fcategories&post=2287"},{"taxonomy":"post_tag","embeddable":true,"href":"https:\/\/cooperacioninternacional.usac.edu.gt\/index.php?rest_route=%2Fwp%2Fv2%2Ftags&post=2287"}],"curies":[{"name":"wp","href":"https:\/\/api.w.org\/{rel}","templated":true}]}}