{"id":2317,"date":"2024-10-30T17:14:52","date_gmt":"2024-10-30T17:14:52","guid":{"rendered":"https:\/\/cooperacioninternacional.usac.edu.gt\/?p=2317"},"modified":"2024-10-30T17:15:20","modified_gmt":"2024-10-30T17:15:20","slug":"guatemala-que-estuvo-presente-en-la-semana-amerigeo-2024-realizada-en-quito-ecuador","status":"publish","type":"post","link":"https:\/\/cooperacioninternacional.usac.edu.gt\/?p=2317","title":{"rendered":"Guatemala que estuvo presente en la Semana AmeriGEO 2024 realizada en Quito, Ecuador."},"content":{"rendered":"\n<p><img loading=\"lazy\" decoding=\"async\" height=\"16\" width=\"16\" alt=\"\ud83d\udc40\" src=\"https:\/\/static.xx.fbcdn.net\/images\/emoji.php\/v9\/tc8\/1\/16\/1f440.png\"><img loading=\"lazy\" decoding=\"async\" height=\"16\" width=\"16\" alt=\"\ud83c\uddec\ud83c\uddf9\" src=\"https:\/\/static.xx.fbcdn.net\/images\/emoji.php\/v9\/t37\/1\/16\/1f1ec_1f1f9.png\"><img loading=\"lazy\" decoding=\"async\" height=\"16\" width=\"16\" alt=\"\ud83c\uddea\ud83c\udde8\" src=\"https:\/\/static.xx.fbcdn.net\/images\/emoji.php\/v9\/t95\/1\/16\/1f1ea_1f1e8.png\"><a href=\"https:\/\/www.facebook.com\/hashtag\/sabiasque?__eep__=6&amp;__cft__[0]=AZU52UkipBHC4RaQ2spoYXEjtq_kA_oIhCp1DvKQGWyfLVw9iJwxIK6m93POYNsXSd9ZF0Ed_k_b_wmbX5PtSb0ShJSHO3tVpMJundodx5PF7vm0gCJt_1aerOOE3QzercJOr_3-aVblNawbnEcOK2gCWfbtbVkBtgXHrIBAMcBakVf2-05ZaR_2TtjVnbxNeWc&amp;__tn__=*NK-R\">#SabiasQue<\/a> la <a href=\"https:\/\/www.facebook.com\/UsacOficial?__cft__[0]=AZU52UkipBHC4RaQ2spoYXEjtq_kA_oIhCp1DvKQGWyfLVw9iJwxIK6m93POYNsXSd9ZF0Ed_k_b_wmbX5PtSb0ShJSHO3tVpMJundodx5PF7vm0gCJt_1aerOOE3QzercJOr_3-aVblNawbnEcOK2gCWfbtbVkBtgXHrIBAMcBakVf2-05ZaR_2TtjVnbxNeWc&amp;__tn__=-]K-R\">Universidad de San Carlos de Guatemala<\/a> fue parte de la delegaci\u00f3n de Guatemala que estuvo presente en la Semana AmeriGEO 2024 realizada en Quito, Ecuador.<\/p>\n\n\n\n<p><img loading=\"lazy\" decoding=\"async\" height=\"16\" width=\"16\" alt=\"\ud83d\udc49\ud83c\udffc\" src=\"https:\/\/static.xx.fbcdn.net\/images\/emoji.php\/v9\/t8d\/1\/16\/1f449_1f3fc.png\"> El encuentro reuni\u00f3 a expertos de toda Am\u00e9rica para explorar c\u00f3mo las observaciones de la Tierra pueden transformar la forma en se predice, prepara y responde a los desastres naturales.<\/p>\n\n\n\n<p>La delegaci\u00f3n de Guatemala estuvo representada por el Ministerio de Ambiente y Recursos Naturales &#8211;<a href=\"https:\/\/www.facebook.com\/marnguate?__cft__[0]=AZU52UkipBHC4RaQ2spoYXEjtq_kA_oIhCp1DvKQGWyfLVw9iJwxIK6m93POYNsXSd9ZF0Ed_k_b_wmbX5PtSb0ShJSHO3tVpMJundodx5PF7vm0gCJt_1aerOOE3QzercJOr_3-aVblNawbnEcOK2gCWfbtbVkBtgXHrIBAMcBakVf2-05ZaR_2TtjVnbxNeWc&amp;__tn__=-]K-R\">MARN<\/a>-, <a><\/a>Patrimonio Cultural y Natural Maya -PACUNAM- y la Universidad de San Carlos de Guatemala -USAC-.<\/p>\n\n\n\n<p>A trav\u00e9s de cursos especializados, talleres y visitas de campo, los delegados guatemaltecos: Ing. Kenset Rosales del Ministerio de Ambiente y Recursos Naturales, Inga. Claudia Saput de PACUNAM, Dr. Carlos Sierra de posgrados de la Universidad de San Carlos de Guatemala, Lic. Gonzalo Eskenasy, coordinador acad\u00e9mico y los catedr\u00e1ticos Msc. Nestor Caal, Ing. V\u00edctor Lobos y M.A. Hugo Ruano, junto con la estudiante de la Carrera de Ingenier\u00eda en Gesti\u00f3n Ambiental Local, Danna de la Cruz del <a href=\"https:\/\/www.facebook.com\/@paginacunor\/?__cft__[0]=AZU52UkipBHC4RaQ2spoYXEjtq_kA_oIhCp1DvKQGWyfLVw9iJwxIK6m93POYNsXSd9ZF0Ed_k_b_wmbX5PtSb0ShJSHO3tVpMJundodx5PF7vm0gCJt_1aerOOE3QzercJOr_3-aVblNawbnEcOK2gCWfbtbVkBtgXHrIBAMcBakVf2-05ZaR_2TtjVnbxNeWc&amp;__tn__=-]K-R\">Centro Universitario del Norte<\/a>, conocieron las \u00faltimas tendencias en evaluaci\u00f3n de riesgos, calidad del aire y sistemas de alerta temprana.<\/p>\n\n\n\n<p><img loading=\"lazy\" decoding=\"async\" height=\"16\" width=\"16\" alt=\"\ud83d\ude4c\ud83c\udffb\" src=\"https:\/\/static.xx.fbcdn.net\/images\/emoji.php\/v9\/tb8\/1\/16\/1f64c_1f3fb.png\"> La colaboraci\u00f3n internacional fue un pilar fundamental del evento. Al interactuar con expertos de la NASA, la NOAA y otros pa\u00edses de la regi\u00f3n, se ampliaron los conocimientos y se establecieron redes de colaboraci\u00f3n para abordar los desaf\u00edos comunes. La visita al volc\u00e1n Cotopaxi permiti\u00f3 conocer de primera mano las estrategias de gesti\u00f3n de riesgos implementadas en Ecuador.<\/p>\n\n\n\n<p>La participaci\u00f3n de la USAC en la Semana AmeriGEO 2024 marca un hito en la consolidaci\u00f3n de Guatemala como un referente regional en el campo de las tecnolog\u00edas geoespacial, la gesti\u00f3n de riesgos y reafirma el compromiso de Guatemala con la formaci\u00f3n de capacidades y la preparaci\u00f3n de una nueva generaci\u00f3n de profesionales capaces de enfrentar los desaf\u00edos del futuro.<\/p>\n\n\n\n<figure class=\"wp-block-gallery has-nested-images columns-default is-cropped wp-block-gallery-1 is-layout-flex wp-block-gallery-is-layout-flex\">\n<figure class=\"wp-block-image size-large\"><img loading=\"lazy\" decoding=\"async\" width=\"1024\" height=\"768\" data-id=\"2318\" src=\"https:\/\/cooperacioninternacional.usac.edu.gt\/wp-content\/uploads\/2024\/10\/461570304_996743948922627_7915357001616159034_n-1024x768.jpg\" alt=\"\" class=\"wp-image-2318\" srcset=\"https:\/\/cooperacioninternacional.usac.edu.gt\/wp-content\/uploads\/2024\/10\/461570304_996743948922627_7915357001616159034_n-980x735.jpg 980w, https:\/\/cooperacioninternacional.usac.edu.gt\/wp-content\/uploads\/2024\/10\/461570304_996743948922627_7915357001616159034_n-480x360.jpg 480w\" sizes=\"(min-width: 0px) and (max-width: 480px) 480px, (min-width: 481px) and (max-width: 980px) 980px, (min-width: 981px) 1024px, 100vw\" \/><\/figure>\n\n\n\n<figure class=\"wp-block-image size-large\"><img loading=\"lazy\" decoding=\"async\" width=\"1024\" height=\"896\" data-id=\"2323\" src=\"https:\/\/cooperacioninternacional.usac.edu.gt\/wp-content\/uploads\/2024\/10\/461614612_996744022255953_4294407592548038523_n-1024x896.jpg\" alt=\"\" class=\"wp-image-2323\" srcset=\"https:\/\/cooperacioninternacional.usac.edu.gt\/wp-content\/uploads\/2024\/10\/461614612_996744022255953_4294407592548038523_n-980x858.jpg 980w, https:\/\/cooperacioninternacional.usac.edu.gt\/wp-content\/uploads\/2024\/10\/461614612_996744022255953_4294407592548038523_n-480x420.jpg 480w\" sizes=\"(min-width: 0px) and (max-width: 480px) 480px, (min-width: 481px) and (max-width: 980px) 980px, (min-width: 981px) 1024px, 100vw\" \/><\/figure>\n\n\n\n<figure class=\"wp-block-image size-large\"><img loading=\"lazy\" decoding=\"async\" width=\"1024\" height=\"768\" data-id=\"2321\" src=\"https:\/\/cooperacioninternacional.usac.edu.gt\/wp-content\/uploads\/2024\/10\/461630155_996744042255951_549482224342610556_n-1024x768.jpg\" alt=\"\" class=\"wp-image-2321\" srcset=\"https:\/\/cooperacioninternacional.usac.edu.gt\/wp-content\/uploads\/2024\/10\/461630155_996744042255951_549482224342610556_n-980x735.jpg 980w, https:\/\/cooperacioninternacional.usac.edu.gt\/wp-content\/uploads\/2024\/10\/461630155_996744042255951_549482224342610556_n-480x360.jpg 480w\" sizes=\"(min-width: 0px) and (max-width: 480px) 480px, (min-width: 481px) and (max-width: 980px) 980px, (min-width: 981px) 1024px, 100vw\" \/><\/figure>\n\n\n\n<figure class=\"wp-block-image size-large\"><img loading=\"lazy\" decoding=\"async\" width=\"1024\" height=\"560\" data-id=\"2322\" src=\"https:\/\/cooperacioninternacional.usac.edu.gt\/wp-content\/uploads\/2024\/10\/461663115_996744028922619_4867051194354465986_n-1024x560.jpg\" alt=\"\" class=\"wp-image-2322\" srcset=\"https:\/\/cooperacioninternacional.usac.edu.gt\/wp-content\/uploads\/2024\/10\/461663115_996744028922619_4867051194354465986_n-980x536.jpg 980w, https:\/\/cooperacioninternacional.usac.edu.gt\/wp-content\/uploads\/2024\/10\/461663115_996744028922619_4867051194354465986_n-480x263.jpg 480w\" sizes=\"(min-width: 0px) and (max-width: 480px) 480px, (min-width: 481px) and (max-width: 980px) 980px, (min-width: 981px) 1024px, 100vw\" \/><\/figure>\n\n\n\n<figure class=\"wp-block-image size-large\"><img loading=\"lazy\" decoding=\"async\" width=\"1024\" height=\"768\" data-id=\"2320\" src=\"https:\/\/cooperacioninternacional.usac.edu.gt\/wp-content\/uploads\/2024\/10\/461758182_996743992255956_6787303614998195542_n-1024x768.jpg\" alt=\"\" class=\"wp-image-2320\" srcset=\"https:\/\/cooperacioninternacional.usac.edu.gt\/wp-content\/uploads\/2024\/10\/461758182_996743992255956_6787303614998195542_n-980x735.jpg 980w, https:\/\/cooperacioninternacional.usac.edu.gt\/wp-content\/uploads\/2024\/10\/461758182_996743992255956_6787303614998195542_n-480x360.jpg 480w\" sizes=\"(min-width: 0px) and (max-width: 480px) 480px, (min-width: 481px) and (max-width: 980px) 980px, (min-width: 981px) 1024px, 100vw\" \/><\/figure>\n\n\n\n<figure class=\"wp-block-image size-large\"><img loading=\"lazy\" decoding=\"async\" width=\"1024\" height=\"473\" data-id=\"2319\" src=\"https:\/\/cooperacioninternacional.usac.edu.gt\/wp-content\/uploads\/2024\/10\/461793377_996743955589293_7348755044779697586_n-1024x473.jpg\" alt=\"\" class=\"wp-image-2319\" srcset=\"https:\/\/cooperacioninternacional.usac.edu.gt\/wp-content\/uploads\/2024\/10\/461793377_996743955589293_7348755044779697586_n-980x453.jpg 980w, https:\/\/cooperacioninternacional.usac.edu.gt\/wp-content\/uploads\/2024\/10\/461793377_996743955589293_7348755044779697586_n-480x222.jpg 480w\" sizes=\"(min-width: 0px) and (max-width: 480px) 480px, (min-width: 481px) and (max-width: 980px) 980px, (min-width: 981px) 1024px, 100vw\" \/><\/figure>\n\n\n\n<figure class=\"wp-block-image size-large\"><img loading=\"lazy\" decoding=\"async\" width=\"1024\" height=\"768\" data-id=\"2324\" src=\"https:\/\/cooperacioninternacional.usac.edu.gt\/wp-content\/uploads\/2024\/10\/461864696_996744002255955_2515325026599160131_n-1024x768.jpg\" alt=\"\" class=\"wp-image-2324\" srcset=\"https:\/\/cooperacioninternacional.usac.edu.gt\/wp-content\/uploads\/2024\/10\/461864696_996744002255955_2515325026599160131_n-980x735.jpg 980w, https:\/\/cooperacioninternacional.usac.edu.gt\/wp-content\/uploads\/2024\/10\/461864696_996744002255955_2515325026599160131_n-480x360.jpg 480w\" sizes=\"(min-width: 0px) and (max-width: 480px) 480px, (min-width: 481px) and (max-width: 980px) 980px, (min-width: 981px) 1024px, 100vw\" \/><\/figure>\n<\/figure>\n","protected":false},"excerpt":{"rendered":"<p>#SabiasQue la Universidad de San Carlos de Guatemala fue parte de la delegaci\u00f3n de Guatemala que estuvo presente en la Semana AmeriGEO 2024 realizada en Quito, Ecuador. El encuentro reuni\u00f3 a expertos de toda Am\u00e9rica para explorar c\u00f3mo las observaciones de la Tierra pueden transformar la forma en se predice, prepara y responde a los [&hellip;]<\/p>\n","protected":false},"author":5,"featured_media":2324,"comment_status":"open","ping_status":"open","sticky":false,"template":"","format":"standard","meta":{"_et_pb_use_builder":"off","_et_pb_old_content":"","_et_gb_content_width":"","footnotes":""},"categories":[9],"tags":[],"class_list":["post-2317","post","type-post","status-publish","format-standard","has-post-thumbnail","hentry","category-noticias"],"_links":{"self":[{"href":"https:\/\/cooperacioninternacional.usac.edu.gt\/index.php?rest_route=\/wp\/v2\/posts\/2317","targetHints":{"allow":["GET"]}}],"collection":[{"href":"https:\/\/cooperacioninternacional.usac.edu.gt\/index.php?rest_route=\/wp\/v2\/posts"}],"about":[{"href":"https:\/\/cooperacioninternacional.usac.edu.gt\/index.php?rest_route=\/wp\/v2\/types\/post"}],"author":[{"embeddable":true,"href":"https:\/\/cooperacioninternacional.usac.edu.gt\/index.php?rest_route=\/wp\/v2\/users\/5"}],"replies":[{"embeddable":true,"href":"https:\/\/cooperacioninternacional.usac.edu.gt\/index.php?rest_route=%2Fwp%2Fv2%2Fcomments&post=2317"}],"version-history":[{"count":1,"href":"https:\/\/cooperacioninternacional.usac.edu.gt\/index.php?rest_route=\/wp\/v2\/posts\/2317\/revisions"}],"predecessor-version":[{"id":2325,"href":"https:\/\/cooperacioninternacional.usac.edu.gt\/index.php?rest_route=\/wp\/v2\/posts\/2317\/revisions\/2325"}],"wp:featuredmedia":[{"embeddable":true,"href":"https:\/\/cooperacioninternacional.usac.edu.gt\/index.php?rest_route=\/wp\/v2\/media\/2324"}],"wp:attachment":[{"href":"https:\/\/cooperacioninternacional.usac.edu.gt\/index.php?rest_route=%2Fwp%2Fv2%2Fmedia&parent=2317"}],"wp:term":[{"taxonomy":"category","embeddable":true,"href":"https:\/\/cooperacioninternacional.usac.edu.gt\/index.php?rest_route=%2Fwp%2Fv2%2Fcategories&post=2317"},{"taxonomy":"post_tag","embeddable":true,"href":"https:\/\/cooperacioninternacional.usac.edu.gt\/index.php?rest_route=%2Fwp%2Fv2%2Ftags&post=2317"}],"curies":[{"name":"wp","href":"https:\/\/api.w.org\/{rel}","templated":true}]}}