{"id":2326,"date":"2024-10-30T17:17:26","date_gmt":"2024-10-30T17:17:26","guid":{"rendered":"https:\/\/cooperacioninternacional.usac.edu.gt\/?p=2326"},"modified":"2024-10-30T17:17:27","modified_gmt":"2024-10-30T17:17:27","slug":"usac-con-representacion-en-francia","status":"publish","type":"post","link":"https:\/\/cooperacioninternacional.usac.edu.gt\/?p=2326","title":{"rendered":"Usac con representaci\u00f3n en Francia"},"content":{"rendered":"\n<p><img loading=\"lazy\" decoding=\"async\" height=\"16\" width=\"16\" alt=\"\ud83c\uddeb\ud83c\uddf7\" src=\"https:\/\/static.xx.fbcdn.net\/images\/emoji.php\/v9\/t74\/1\/16\/1f1eb_1f1f7.png\"><img loading=\"lazy\" decoding=\"async\" height=\"16\" width=\"16\" alt=\"\u2708\ufe0f\" src=\"https:\/\/static.xx.fbcdn.net\/images\/emoji.php\/v9\/tb6\/1\/16\/2708.png\"> Diana Argueta, la estudiante de la <a href=\"https:\/\/www.facebook.com\/UsacOficial?__cft__[0]=AZWHh2Orv0pgJBZGbMD3ReQbHhzFw1QoZWUJE5nP63XUrc4BVKg2nQg-1p3pdY4aVbjTL0looDHclp8onoEz_VEn9UHpGtwSOb0mUa-Qt2A6bhxuQ3NmGyeDOU39NjZj5vg9b7ZBKV9ANk88wPQ2LQM6AGwdt1fYxJJNgLJYbmw8WToxm-2desUAjxro2pX2i4vvJG2gHOUejGsSYewnFX4xGAbD-zr7RLmA9QnjI5uokg&amp;__tn__=-]K-R\">Universidad de San Carlos de Guatemala<\/a> que ser\u00e1 asistente de espa\u00f1ol en Nantes, Francia <img loading=\"lazy\" decoding=\"async\" height=\"16\" width=\"16\" alt=\"\ud83c\uddeb\ud83c\uddf7\" src=\"https:\/\/static.xx.fbcdn.net\/images\/emoji.php\/v9\/t74\/1\/16\/1f1eb_1f1f7.png\"><\/p>\n\n\n\n<p><img loading=\"lazy\" decoding=\"async\" height=\"16\" width=\"16\" alt=\"\u27a1\ufe0f\" src=\"https:\/\/static.xx.fbcdn.net\/images\/emoji.php\/v9\/t9e\/1\/16\/27a1.png\"> Si te interesa trabajar y estudiar en Francia y te gustar\u00eda vivir la experiencia de Diana el pr\u00f3ximo a\u00f1o, asiste al <a href=\"https:\/\/www.facebook.com\/events\/1754065855340834\/?__cft__[0]=AZWHh2Orv0pgJBZGbMD3ReQbHhzFw1QoZWUJE5nP63XUrc4BVKg2nQg-1p3pdY4aVbjTL0looDHclp8onoEz_VEn9UHpGtwSOb0mUa-Qt2A6bhxuQ3NmGyeDOU39NjZj5vg9b7ZBKV9ANk88wPQ2LQM6AGwdt1fYxJJNgLJYbmw8WToxm-2desUAjxro2pX2i4vvJG2gHOUejGsSYewnFX4xGAbD-zr7RLmA9QnjI5uokg&amp;__tn__=-UK-R\">Festival de Becas y Seminario de Vinculaci\u00f3n Internacional <\/a>organizado por <a href=\"https:\/\/www.facebook.com\/cooperacionUSAC?__cft__[0]=AZWHh2Orv0pgJBZGbMD3ReQbHhzFw1QoZWUJE5nP63XUrc4BVKg2nQg-1p3pdY4aVbjTL0looDHclp8onoEz_VEn9UHpGtwSOb0mUa-Qt2A6bhxuQ3NmGyeDOU39NjZj5vg9b7ZBKV9ANk88wPQ2LQM6AGwdt1fYxJJNgLJYbmw8WToxm-2desUAjxro2pX2i4vvJG2gHOUejGsSYewnFX4xGAbD-zr7RLmA9QnjI5uokg&amp;__tn__=-]K-R\">Cooperaci\u00f3n y Relaciones Internacionales &#8211; USAC<\/a><\/p>\n\n\n\n<p><img loading=\"lazy\" decoding=\"async\" height=\"16\" width=\"16\" alt=\"\ud83d\udc49\ud83c\udffc\" src=\"https:\/\/static.xx.fbcdn.net\/images\/emoji.php\/v9\/t8d\/1\/16\/1f449_1f3fc.png\"> La convocatoria est\u00e1 abierta ahora y puedes encontrar toda la informaci\u00f3n en nuestra p\u00e1gina <a><\/a>web:<\/p>\n\n\n\n<figure class=\"wp-block-embed\"><div class=\"wp-block-embed__wrapper\">\nhttps:\/\/gt.ambafrance.org\/Adesgt-2025-26\n<\/div><\/figure>\n\n\n\n<p><img loading=\"lazy\" decoding=\"async\" height=\"16\" width=\"16\" alt=\"\ud83d\uddd3\ufe0f\" src=\"https:\/\/static.xx.fbcdn.net\/images\/emoji.php\/v9\/t5c\/1\/16\/1f5d3.png\"> La fecha l\u00edmite es el 16 de octubre, no dejes pasar la oportunidad de vivir y trabajar en Francia el pr\u00f3ximo a\u00f1o. Te recomendamos no dejar para \u00faltima hora tu candidatura, ya que el proceso lleva varias etapas.<\/p>\n\n\n\n<figure class=\"wp-block-image size-full\"><img loading=\"lazy\" decoding=\"async\" width=\"945\" height=\"945\" src=\"https:\/\/cooperacioninternacional.usac.edu.gt\/wp-content\/uploads\/2024\/10\/ced0e0656d4496a6-da179.png\" alt=\"\" class=\"wp-image-2327\" srcset=\"https:\/\/cooperacioninternacional.usac.edu.gt\/wp-content\/uploads\/2024\/10\/ced0e0656d4496a6-da179.png 945w, https:\/\/cooperacioninternacional.usac.edu.gt\/wp-content\/uploads\/2024\/10\/ced0e0656d4496a6-da179-480x480.png 480w\" sizes=\"(min-width: 0px) and (max-width: 480px) 480px, (min-width: 481px) 945px, 100vw\" \/><\/figure>\n","protected":false},"excerpt":{"rendered":"<p>Diana Argueta, la estudiante de la Universidad de San Carlos de Guatemala que ser\u00e1 asistente de espa\u00f1ol en Nantes, Francia Si te interesa trabajar y estudiar en Francia y te gustar\u00eda vivir la experiencia de Diana el pr\u00f3ximo a\u00f1o, asiste al Festival de Becas y Seminario de Vinculaci\u00f3n Internacional organizado por Cooperaci\u00f3n y Relaciones Internacionales [&hellip;]<\/p>\n","protected":false},"author":5,"featured_media":2327,"comment_status":"open","ping_status":"open","sticky":false,"template":"","format":"standard","meta":{"_et_pb_use_builder":"off","_et_pb_old_content":"","_et_gb_content_width":"","footnotes":""},"categories":[9],"tags":[],"class_list":["post-2326","post","type-post","status-publish","format-standard","has-post-thumbnail","hentry","category-noticias"],"_links":{"self":[{"href":"https:\/\/cooperacioninternacional.usac.edu.gt\/index.php?rest_route=\/wp\/v2\/posts\/2326","targetHints":{"allow":["GET"]}}],"collection":[{"href":"https:\/\/cooperacioninternacional.usac.edu.gt\/index.php?rest_route=\/wp\/v2\/posts"}],"about":[{"href":"https:\/\/cooperacioninternacional.usac.edu.gt\/index.php?rest_route=\/wp\/v2\/types\/post"}],"author":[{"embeddable":true,"href":"https:\/\/cooperacioninternacional.usac.edu.gt\/index.php?rest_route=\/wp\/v2\/users\/5"}],"replies":[{"embeddable":true,"href":"https:\/\/cooperacioninternacional.usac.edu.gt\/index.php?rest_route=%2Fwp%2Fv2%2Fcomments&post=2326"}],"version-history":[{"count":1,"href":"https:\/\/cooperacioninternacional.usac.edu.gt\/index.php?rest_route=\/wp\/v2\/posts\/2326\/revisions"}],"predecessor-version":[{"id":2328,"href":"https:\/\/cooperacioninternacional.usac.edu.gt\/index.php?rest_route=\/wp\/v2\/posts\/2326\/revisions\/2328"}],"wp:featuredmedia":[{"embeddable":true,"href":"https:\/\/cooperacioninternacional.usac.edu.gt\/index.php?rest_route=\/wp\/v2\/media\/2327"}],"wp:attachment":[{"href":"https:\/\/cooperacioninternacional.usac.edu.gt\/index.php?rest_route=%2Fwp%2Fv2%2Fmedia&parent=2326"}],"wp:term":[{"taxonomy":"category","embeddable":true,"href":"https:\/\/cooperacioninternacional.usac.edu.gt\/index.php?rest_route=%2Fwp%2Fv2%2Fcategories&post=2326"},{"taxonomy":"post_tag","embeddable":true,"href":"https:\/\/cooperacioninternacional.usac.edu.gt\/index.php?rest_route=%2Fwp%2Fv2%2Ftags&post=2326"}],"curies":[{"name":"wp","href":"https:\/\/api.w.org\/{rel}","templated":true}]}}