{"id":2420,"date":"2024-10-30T18:14:42","date_gmt":"2024-10-30T18:14:42","guid":{"rendered":"https:\/\/cooperacioninternacional.usac.edu.gt\/?p=2420"},"modified":"2024-10-30T18:14:44","modified_gmt":"2024-10-30T18:14:44","slug":"1er-congreso-cientifico-multidisciplinario-de-educacion-superior-conares-2024","status":"publish","type":"post","link":"https:\/\/cooperacioninternacional.usac.edu.gt\/?p=2420","title":{"rendered":"1er Congreso Cient\u00edfico Multidisciplinario de Educaci\u00f3n Superior CONARES 2024"},"content":{"rendered":"\n<p><img loading=\"lazy\" decoding=\"async\" height=\"16\" width=\"16\" alt=\"\ud83c\uddec\ud83c\uddf9\" src=\"https:\/\/static.xx.fbcdn.net\/images\/emoji.php\/v9\/t37\/1\/16\/1f1ec_1f1f9.png\"><a href=\"https:\/\/www.facebook.com\/UsacOficial?__cft__[0]=AZVvwdtA5U8lu7Uj6BJYigk01cu1yf8BkigiWeN6EnFDo-lr5d_jTvTHlW73850eQn3My9a4qcfLhel__0w9pGVyZJwVHhOctwTDwzrcJ5y5ztaMbxBtlpm3fRui82fYz1eVFswPkL0Xo0cZadYCj4CnWGWEoraGrFN5WpVD2j15eNEMWF6GcjdY3Him5dKVdG4&amp;__tn__=-]K-R\">Universidad de San Carlos de Guatemala<\/a> presente en el 1er Congreso Cient\u00edfico Multidisciplinario de Educaci\u00f3n Superior CONARES 2024, organizado por la Asociaci\u00f3n Consejo Nacional de Rectores de El Salvador (CONARES) <img loading=\"lazy\" decoding=\"async\" height=\"16\" width=\"16\" alt=\"\ud83c\uddf8\ud83c\uddfb\" src=\"https:\/\/static.xx.fbcdn.net\/images\/emoji.php\/v9\/td4\/1\/16\/1f1f8_1f1fb.png\"><\/p>\n\n\n\n<p><img loading=\"lazy\" decoding=\"async\" height=\"16\" width=\"16\" alt=\"\ud83d\udcda\" src=\"https:\/\/static.xx.fbcdn.net\/images\/emoji.php\/v9\/t49\/1\/16\/1f4da.png\"><img loading=\"lazy\" decoding=\"async\" height=\"16\" width=\"16\" alt=\"\ud83d\udc53\" src=\"https:\/\/static.xx.fbcdn.net\/images\/emoji.php\/v9\/tea\/1\/16\/1f453.png\"> El Dr. Magdiel Oliva, investigador y acad\u00e9mico de la Universidad de San Carlos de Guatemala, present\u00f3 la ponencia: \u201cRepensando la Educaci\u00f3n Superior, la Tecnolog\u00eda y sus Nuevas Tendencias\u201d.<\/p>\n\n\n\n<p><img loading=\"lazy\" decoding=\"async\" height=\"16\" width=\"16\" alt=\"\ud83d\ude4c\ud83c\udffb\" src=\"https:\/\/static.xx.fbcdn.net\/images\/emoji.php\/v9\/tb8\/1\/16\/1f64c_1f3fb.png\"> La <a href=\"https:\/\/www.facebook.com\/conaresv?__cft__[0]=AZVvwdtA5U8lu7Uj6BJYigk01cu1yf8BkigiWeN6EnFDo-lr5d_jTvTHlW73850eQn3My9a4qcfLhel__0w9pGVyZJwVHhOctwTDwzrcJ5y5ztaMbxBtlpm3fRui82fYz1eVFswPkL0Xo0cZadYCj4CnWGWEoraGrFN5WpVD2j15eNEMWF6GcjdY3Him5dKVdG4&amp;__tn__=-]K-R\">Asociaci\u00f3n Consejo Nacional de Rectores de El <\/a><a href=\"https:\/\/www.facebook.com\/conaresv?__cft__[0]=AZVvwdtA5U8lu7Uj6BJYigk01cu1yf8BkigiWeN6EnFDo-lr5d_jTvTHlW73850eQn3My9a4qcfLhel__0w9pGVyZJwVHhOctwTDwzrcJ5y5ztaMbxBtlpm3fRui82fYz1eVFswPkL0Xo0cZadYCj4CnWGWEoraGrFN5WpVD2j15eNEMWF6GcjdY3Him5dKVdG4&amp;__tn__=-]K-R\"><\/a><a><\/a>Salvador re\u00fane a profesionales y acad\u00e9micos de Chile, Espa\u00f1a, Costa Rica, El Salvador y Guatemala, para debatir sobre los desaf\u00edos y oportunidades que la tecnolog\u00eda presenta para la educaci\u00f3n superior.<\/p>\n\n\n\n<p>En su intervenci\u00f3n, el Dr. Oliva imparti\u00f3 la conferencia titulada \u201cEducaci\u00f3n Superior 5.0: revolucionando el aprendizaje en la era de la Inteligencia Artificial (IA)\u201d, donde abord\u00f3 los beneficios y el impacto positivo que la IA puede tener en el aprendizaje cuando se utiliza de manera adecuada. Durante su ponencia, destac\u00f3 c\u00f3mo la educaci\u00f3n 5.0 busca equilibrar la tecnolog\u00eda con el humanismo, promoviendo un enfoque que no solo integra herramientas avanzadas, sino que tambi\u00e9n fomenta la formaci\u00f3n \u00e9tica y socioemocional de los estudiantes.<\/p>\n\n\n\n<p>El congreso cont\u00f3 con la presencia del <a href=\"https:\/\/www.facebook.com\/FelixUlloaVP2019?__cft__[0]=AZVvwdtA5U8lu7Uj6BJYigk01cu1yf8BkigiWeN6EnFDo-lr5d_jTvTHlW73850eQn3My9a4qcfLhel__0w9pGVyZJwVHhOctwTDwzrcJ5y5ztaMbxBtlpm3fRui82fYz1eVFswPkL0Xo0cZadYCj4CnWGWEoraGrFN5WpVD2j15eNEMWF6GcjdY3Him5dKVdG4&amp;__tn__=-]K-R\">Vicepresidente F\u00e9lix Ulloa<\/a> de El Salvador, embajadores de distintos pa\u00edses, como Espa\u00f1a, China y Cuba, quienes respaldaron la relevancia de este tipo de encuentros para impulsar el avance cient\u00edfico y educativo en la regi\u00f3n. Acad\u00e9micos e investigadores de diversas universidades salvadore\u00f1as tambi\u00e9n participaron, enriqueciendo las discusiones con sus perspectivas y experiencias.<\/p>\n\n\n\n<p>La participaci\u00f3n del Dr. Oliva en este importante evento internacional reafirma el compromiso de la USAC con la innovaci\u00f3n educativa, posicion\u00e1ndola como un referente en el \u00e1mbito de la educaci\u00f3n superior en Am\u00e9rica Latina.<\/p>\n\n\n\n<figure class=\"wp-block-gallery has-nested-images columns-default is-cropped wp-block-gallery-1 is-layout-flex wp-block-gallery-is-layout-flex\">\n<figure class=\"wp-block-image size-large\"><img loading=\"lazy\" decoding=\"async\" width=\"1024\" height=\"683\" data-id=\"2421\" src=\"https:\/\/cooperacioninternacional.usac.edu.gt\/wp-content\/uploads\/2024\/10\/462691140_1004955248101497_6148902097423721987_n-1-1024x683.jpg\" alt=\"\" class=\"wp-image-2421\" srcset=\"https:\/\/cooperacioninternacional.usac.edu.gt\/wp-content\/uploads\/2024\/10\/462691140_1004955248101497_6148902097423721987_n-1-1024x683.jpg 1024w, https:\/\/cooperacioninternacional.usac.edu.gt\/wp-content\/uploads\/2024\/10\/462691140_1004955248101497_6148902097423721987_n-1-980x653.jpg 980w, https:\/\/cooperacioninternacional.usac.edu.gt\/wp-content\/uploads\/2024\/10\/462691140_1004955248101497_6148902097423721987_n-1-480x320.jpg 480w\" sizes=\"(min-width: 0px) and (max-width: 480px) 480px, (min-width: 481px) and (max-width: 980px) 980px, (min-width: 981px) 1024px, 100vw\" \/><\/figure>\n\n\n\n<figure class=\"wp-block-image size-large\"><img loading=\"lazy\" decoding=\"async\" width=\"1024\" height=\"683\" data-id=\"2422\" src=\"https:\/\/cooperacioninternacional.usac.edu.gt\/wp-content\/uploads\/2024\/10\/462691140_1004955248101497_6148902097423721987_n-1024x683.jpg\" alt=\"\" class=\"wp-image-2422\" srcset=\"https:\/\/cooperacioninternacional.usac.edu.gt\/wp-content\/uploads\/2024\/10\/462691140_1004955248101497_6148902097423721987_n-1024x683.jpg 1024w, https:\/\/cooperacioninternacional.usac.edu.gt\/wp-content\/uploads\/2024\/10\/462691140_1004955248101497_6148902097423721987_n-980x653.jpg 980w, https:\/\/cooperacioninternacional.usac.edu.gt\/wp-content\/uploads\/2024\/10\/462691140_1004955248101497_6148902097423721987_n-480x320.jpg 480w\" sizes=\"(min-width: 0px) and (max-width: 480px) 480px, (min-width: 481px) and (max-width: 980px) 980px, (min-width: 981px) 1024px, 100vw\" \/><\/figure>\n\n\n\n<figure class=\"wp-block-image size-large\"><img loading=\"lazy\" decoding=\"async\" width=\"1024\" height=\"683\" data-id=\"2423\" src=\"https:\/\/cooperacioninternacional.usac.edu.gt\/wp-content\/uploads\/2024\/10\/462701348_1004955254768163_5270080506501267450_n-1024x683.jpg\" alt=\"\" class=\"wp-image-2423\" srcset=\"https:\/\/cooperacioninternacional.usac.edu.gt\/wp-content\/uploads\/2024\/10\/462701348_1004955254768163_5270080506501267450_n-1024x683.jpg 1024w, https:\/\/cooperacioninternacional.usac.edu.gt\/wp-content\/uploads\/2024\/10\/462701348_1004955254768163_5270080506501267450_n-980x653.jpg 980w, https:\/\/cooperacioninternacional.usac.edu.gt\/wp-content\/uploads\/2024\/10\/462701348_1004955254768163_5270080506501267450_n-480x320.jpg 480w\" sizes=\"(min-width: 0px) and (max-width: 480px) 480px, (min-width: 481px) and (max-width: 980px) 980px, (min-width: 981px) 1024px, 100vw\" \/><\/figure>\n\n\n\n<figure class=\"wp-block-image size-large\"><img loading=\"lazy\" decoding=\"async\" width=\"768\" height=\"1024\" data-id=\"2426\" src=\"https:\/\/cooperacioninternacional.usac.edu.gt\/wp-content\/uploads\/2024\/10\/462708648_1004955324768156_1194302620757419345_n-768x1024.jpg\" alt=\"\" class=\"wp-image-2426\"\/><\/figure>\n\n\n\n<figure class=\"wp-block-image size-large\"><img loading=\"lazy\" decoding=\"async\" width=\"1024\" height=\"1024\" data-id=\"2425\" src=\"https:\/\/cooperacioninternacional.usac.edu.gt\/wp-content\/uploads\/2024\/10\/462721538_1004955334768155_3965622893347622129_n-1024x1024.jpg\" alt=\"\" class=\"wp-image-2425\" srcset=\"https:\/\/cooperacioninternacional.usac.edu.gt\/wp-content\/uploads\/2024\/10\/462721538_1004955334768155_3965622893347622129_n-1024x1024.jpg 1024w, https:\/\/cooperacioninternacional.usac.edu.gt\/wp-content\/uploads\/2024\/10\/462721538_1004955334768155_3965622893347622129_n-980x980.jpg 980w, https:\/\/cooperacioninternacional.usac.edu.gt\/wp-content\/uploads\/2024\/10\/462721538_1004955334768155_3965622893347622129_n-480x480.jpg 480w\" sizes=\"(min-width: 0px) and (max-width: 480px) 480px, (min-width: 481px) and (max-width: 980px) 980px, (min-width: 981px) 1024px, 100vw\" \/><\/figure>\n\n\n\n<figure class=\"wp-block-image size-large\"><img loading=\"lazy\" decoding=\"async\" width=\"768\" height=\"1024\" data-id=\"2424\" src=\"https:\/\/cooperacioninternacional.usac.edu.gt\/wp-content\/uploads\/2024\/10\/462766308_1004955304768158_8575496562663774352_n-768x1024.jpg\" alt=\"\" class=\"wp-image-2424\"\/><\/figure>\n<\/figure>\n","protected":false},"excerpt":{"rendered":"<p>Universidad de San Carlos de Guatemala presente en el 1er Congreso Cient\u00edfico Multidisciplinario de Educaci\u00f3n Superior CONARES 2024, organizado por la Asociaci\u00f3n Consejo Nacional de Rectores de El Salvador (CONARES) El Dr. Magdiel Oliva, investigador y acad\u00e9mico de la Universidad de San Carlos de Guatemala, present\u00f3 la ponencia: \u201cRepensando la Educaci\u00f3n Superior, la Tecnolog\u00eda y [&hellip;]<\/p>\n","protected":false},"author":5,"featured_media":2425,"comment_status":"open","ping_status":"open","sticky":false,"template":"","format":"standard","meta":{"_et_pb_use_builder":"off","_et_pb_old_content":"","_et_gb_content_width":"","footnotes":""},"categories":[9],"tags":[],"class_list":["post-2420","post","type-post","status-publish","format-standard","has-post-thumbnail","hentry","category-noticias"],"_links":{"self":[{"href":"https:\/\/cooperacioninternacional.usac.edu.gt\/index.php?rest_route=\/wp\/v2\/posts\/2420","targetHints":{"allow":["GET"]}}],"collection":[{"href":"https:\/\/cooperacioninternacional.usac.edu.gt\/index.php?rest_route=\/wp\/v2\/posts"}],"about":[{"href":"https:\/\/cooperacioninternacional.usac.edu.gt\/index.php?rest_route=\/wp\/v2\/types\/post"}],"author":[{"embeddable":true,"href":"https:\/\/cooperacioninternacional.usac.edu.gt\/index.php?rest_route=\/wp\/v2\/users\/5"}],"replies":[{"embeddable":true,"href":"https:\/\/cooperacioninternacional.usac.edu.gt\/index.php?rest_route=%2Fwp%2Fv2%2Fcomments&post=2420"}],"version-history":[{"count":1,"href":"https:\/\/cooperacioninternacional.usac.edu.gt\/index.php?rest_route=\/wp\/v2\/posts\/2420\/revisions"}],"predecessor-version":[{"id":2427,"href":"https:\/\/cooperacioninternacional.usac.edu.gt\/index.php?rest_route=\/wp\/v2\/posts\/2420\/revisions\/2427"}],"wp:featuredmedia":[{"embeddable":true,"href":"https:\/\/cooperacioninternacional.usac.edu.gt\/index.php?rest_route=\/wp\/v2\/media\/2425"}],"wp:attachment":[{"href":"https:\/\/cooperacioninternacional.usac.edu.gt\/index.php?rest_route=%2Fwp%2Fv2%2Fmedia&parent=2420"}],"wp:term":[{"taxonomy":"category","embeddable":true,"href":"https:\/\/cooperacioninternacional.usac.edu.gt\/index.php?rest_route=%2Fwp%2Fv2%2Fcategories&post=2420"},{"taxonomy":"post_tag","embeddable":true,"href":"https:\/\/cooperacioninternacional.usac.edu.gt\/index.php?rest_route=%2Fwp%2Fv2%2Ftags&post=2420"}],"curies":[{"name":"wp","href":"https:\/\/api.w.org\/{rel}","templated":true}]}}