{"id":2431,"date":"2024-10-30T18:18:54","date_gmt":"2024-10-30T18:18:54","guid":{"rendered":"https:\/\/cooperacioninternacional.usac.edu.gt\/?p=2431"},"modified":"2024-10-30T18:18:56","modified_gmt":"2024-10-30T18:18:56","slug":"capacitate-en-linea-con-la-ludwig-maximilians-universitat-munchen-en-los-webinars-sobre-pedagogia-hospitalaria","status":"publish","type":"post","link":"https:\/\/cooperacioninternacional.usac.edu.gt\/?p=2431","title":{"rendered":"Capac\u00edtate en l\u00ednea con la Ludwig-Maximilians-Universit\u00e4t M\u00fcnchen en los webinars sobre Pedagog\u00eda Hospitalaria"},"content":{"rendered":"\n<p><img loading=\"lazy\" decoding=\"async\" height=\"16\" width=\"16\" alt=\"\ud83c\udde9\ud83c\uddea\" src=\"https:\/\/static.xx.fbcdn.net\/images\/emoji.php\/v9\/t16\/1\/16\/1f1e9_1f1ea.png\"> Capac\u00edtate en l\u00ednea con la <a href=\"https:\/\/www.facebook.com\/lmu.muenchen?__cft__[0]=AZXc9sgZ1AAvu6vmNksYtbWbMAQ9EBcgiqHvCfVRpPDdkhjcr5e4GEcISWcoC7DuSh7VWBuiYqZs50Qs14-MIcTgGadu7va4QTB2M1bQlyl_CSyKCdXx5x94qyWhHlMJU7k-iVKZJZYXxKCwXx2i_L7yhQXxXYAm9j-199b69HxY-fdNHrtPPJOnr18qZ_KY4kI&amp;__tn__=-]K-R\">Ludwig-Maximilians-Universit\u00e4t M\u00fcnchen<\/a> en los webinars sobre Pedagog\u00eda Hospitalaria <img loading=\"lazy\" decoding=\"async\" height=\"16\" width=\"16\" alt=\"\ud83c\udfe5\" src=\"https:\/\/static.xx.fbcdn.net\/images\/emoji.php\/v9\/t7b\/1\/16\/1f3e5.png\"><\/p>\n\n\n\n<p><img loading=\"lazy\" decoding=\"async\" height=\"16\" width=\"16\" alt=\"\ud83d\uddd3\ufe0f\" src=\"https:\/\/static.xx.fbcdn.net\/images\/emoji.php\/v9\/t5c\/1\/16\/1f5d3.png\"> D\u00eda: viernes 18 de octubre<\/p>\n\n\n\n<p><img loading=\"lazy\" decoding=\"async\" height=\"16\" width=\"16\" alt=\"\u23f0\" src=\"https:\/\/static.xx.fbcdn.net\/images\/emoji.php\/v9\/t34\/1\/16\/23f0.png\"> Horario para Guatemala: 7:15 a 8:45 a.m<\/p>\n\n\n\n<p><img loading=\"lazy\" decoding=\"async\" height=\"16\" width=\"16\" alt=\"\ud83d\udde3\ufe0f\" src=\"https:\/\/static.xx.fbcdn.net\/images\/emoji.php\/v9\/tfb\/1\/16\/1f5e3.png\"><a><\/a>Las conferencias tendr\u00e1n subt\u00edtulos.<\/p>\n\n\n\n<p><img loading=\"lazy\" decoding=\"async\" height=\"16\" width=\"16\" alt=\"\ud83d\udcdd\" src=\"https:\/\/static.xx.fbcdn.net\/images\/emoji.php\/v9\/tcc\/1\/16\/1f4dd.png\"> Para inscribirse pueden acceder en el siguiente enlace: <a href=\"https:\/\/eveeno.com\/298660861?fbclid=IwZXh0bgNhZW0CMTAAAR10z7v9CFNm8cnxNMhHjIe4eEnEVjmiIxjlokV63BYhAF-ycTwBEO479D0_aem_IBM_TuOyKhI0d-o9xbFpKw\" rel=\"noreferrer noopener\" target=\"_blank\">https:\/\/eveeno.com\/298660861<\/a><\/p>\n\n\n\n<figure class=\"wp-block-image size-large\"><img loading=\"lazy\" decoding=\"async\" width=\"1024\" height=\"724\" src=\"https:\/\/cooperacioninternacional.usac.edu.gt\/wp-content\/uploads\/2024\/10\/463461562_1007991831131172_8384038020610155347_n-1024x724.jpg\" alt=\"\" class=\"wp-image-2432\" srcset=\"https:\/\/cooperacioninternacional.usac.edu.gt\/wp-content\/uploads\/2024\/10\/463461562_1007991831131172_8384038020610155347_n-980x693.jpg 980w, https:\/\/cooperacioninternacional.usac.edu.gt\/wp-content\/uploads\/2024\/10\/463461562_1007991831131172_8384038020610155347_n-480x339.jpg 480w\" sizes=\"(min-width: 0px) and (max-width: 480px) 480px, (min-width: 481px) and (max-width: 980px) 980px, (min-width: 981px) 1024px, 100vw\" \/><\/figure>\n","protected":false},"excerpt":{"rendered":"<p>Capac\u00edtate en l\u00ednea con la Ludwig-Maximilians-Universit\u00e4t M\u00fcnchen en los webinars sobre Pedagog\u00eda Hospitalaria D\u00eda: viernes 18 de octubre Horario para Guatemala: 7:15 a 8:45 a.m Las conferencias tendr\u00e1n subt\u00edtulos. Para inscribirse pueden acceder en el siguiente enlace: https:\/\/eveeno.com\/298660861<\/p>\n","protected":false},"author":5,"featured_media":0,"comment_status":"open","ping_status":"open","sticky":false,"template":"","format":"standard","meta":{"_et_pb_use_builder":"off","_et_pb_old_content":"","_et_gb_content_width":"","footnotes":""},"categories":[1],"tags":[],"class_list":["post-2431","post","type-post","status-publish","format-standard","hentry","category-convocatorias"],"_links":{"self":[{"href":"https:\/\/cooperacioninternacional.usac.edu.gt\/index.php?rest_route=\/wp\/v2\/posts\/2431","targetHints":{"allow":["GET"]}}],"collection":[{"href":"https:\/\/cooperacioninternacional.usac.edu.gt\/index.php?rest_route=\/wp\/v2\/posts"}],"about":[{"href":"https:\/\/cooperacioninternacional.usac.edu.gt\/index.php?rest_route=\/wp\/v2\/types\/post"}],"author":[{"embeddable":true,"href":"https:\/\/cooperacioninternacional.usac.edu.gt\/index.php?rest_route=\/wp\/v2\/users\/5"}],"replies":[{"embeddable":true,"href":"https:\/\/cooperacioninternacional.usac.edu.gt\/index.php?rest_route=%2Fwp%2Fv2%2Fcomments&post=2431"}],"version-history":[{"count":1,"href":"https:\/\/cooperacioninternacional.usac.edu.gt\/index.php?rest_route=\/wp\/v2\/posts\/2431\/revisions"}],"predecessor-version":[{"id":2433,"href":"https:\/\/cooperacioninternacional.usac.edu.gt\/index.php?rest_route=\/wp\/v2\/posts\/2431\/revisions\/2433"}],"wp:attachment":[{"href":"https:\/\/cooperacioninternacional.usac.edu.gt\/index.php?rest_route=%2Fwp%2Fv2%2Fmedia&parent=2431"}],"wp:term":[{"taxonomy":"category","embeddable":true,"href":"https:\/\/cooperacioninternacional.usac.edu.gt\/index.php?rest_route=%2Fwp%2Fv2%2Fcategories&post=2431"},{"taxonomy":"post_tag","embeddable":true,"href":"https:\/\/cooperacioninternacional.usac.edu.gt\/index.php?rest_route=%2Fwp%2Fv2%2Ftags&post=2431"}],"curies":[{"name":"wp","href":"https:\/\/api.w.org\/{rel}","templated":true}]}}