{"id":2505,"date":"2024-10-30T18:51:37","date_gmt":"2024-10-30T18:51:37","guid":{"rendered":"https:\/\/cooperacioninternacional.usac.edu.gt\/?p=2505"},"modified":"2024-10-30T18:51:39","modified_gmt":"2024-10-30T18:51:39","slug":"movilidad-internacional-entrante","status":"publish","type":"post","link":"https:\/\/cooperacioninternacional.usac.edu.gt\/?p=2505","title":{"rendered":"Movilidad internacional entrante"},"content":{"rendered":"\n<p><img loading=\"lazy\" decoding=\"async\" height=\"16\" width=\"16\" alt=\"\ud83c\uddec\ud83c\uddf9\" src=\"https:\/\/static.xx.fbcdn.net\/images\/emoji.php\/v9\/t37\/1\/16\/1f1ec_1f1f9.png\"><img loading=\"lazy\" decoding=\"async\" height=\"16\" width=\"16\" alt=\"\ud83c\uddf8\ud83c\uddfb\" src=\"https:\/\/static.xx.fbcdn.net\/images\/emoji.php\/v9\/td4\/1\/16\/1f1f8_1f1fb.png\"> Movilidad internacional entrante <img loading=\"lazy\" decoding=\"async\" height=\"16\" width=\"16\" alt=\"\ud83d\udd0e\" src=\"https:\/\/static.xx.fbcdn.net\/images\/emoji.php\/v9\/t42\/1\/16\/1f50e.png\"><img loading=\"lazy\" decoding=\"async\" height=\"16\" width=\"16\" alt=\"\ud83d\udcda\" src=\"https:\/\/static.xx.fbcdn.net\/images\/emoji.php\/v9\/t49\/1\/16\/1f4da.png\"><\/p>\n\n\n\n<p>Hoy la <a href=\"https:\/\/www.facebook.com\/UsacOficial?__cft__[0]=AZXyK8AiTKZX-QFlCNzZO-uBipWRtAszCOaIVI7trwSdi9DxfaBpNuptP9xtsL2oBB8fKAP-RDvlRYGBMByaFpFP9v0UDjnVW0q_DllRwzJuXq4lpSzzW8_zBGTh9PRZBcy-w3ZeKzzoGax2FJvVSTK7bh_OOIfA3Sd54ujX3whrAT9pYWgmY_v3UQvKj1qXt3Y&amp;__tn__=-]K-R\">Universidad de San Carlos de Guatemala<\/a> recibi\u00f3 a la Dra. Aydee Rivera de Parada,<\/p>\n\n\n\n<p>Directora de Investigaci\u00f3n y al Lic. Carlos Rodriguez, Coordinador del CATI &#8211; <a href=\"https:\/\/www.facebook.com\/ueesoficial?__cft__[0]=AZXyK8AiTKZX-QFlCNzZO-uBipWRtAszCOaIVI7trwSdi9DxfaBpNuptP9xtsL2oBB8fKAP-RDvlRYGBMByaFpFP9v0UDjnVW0q_DllRwzJuXq4lpSzzW8_zBGTh9PRZBcy-w3ZeKzzoGax2FJvVSTK7bh_OOIfA3Sd54ujX3whrAT9pYWgmY_v3UQvKj1qXt3Y&amp;__tn__=-]K-R\">Universidad Evang\u00e9lica de El Salvador<\/a> en un encuentro con la directora de <a href=\"https:\/\/www.facebook.com\/digienlinea?__cft__[0]=AZXyK8AiTKZX-QFlCNzZO-uBipWRtAszCOaIVI7trwSdi9DxfaBpNuptP9xtsL2oBB8fKAP-RDvlRYGBMByaFpFP9v0UDjnVW0q_DllRwzJuXq4lpSzzW8_zBGTh9PRZBcy-w3ZeKzzoGax2FJvVSTK7bh_OOIfA3Sd54ujX3whrAT9pYWgmY_v3UQvKj1qXt3Y&amp;__tn__=-]K-R\">Direcci\u00f3n General de Investigaci\u00f3n DIGI USAC<\/a> , Dra. Alice Burgos para intercambiar conocimientos y buenas pr\u00e1cticas relacionadas a la pol\u00edtica de investigaci\u00f3n, emprendimiento, propiedad <a><\/a>intelectual, etc. Adicional, se realiz\u00f3 un acercamiento con los CATIE de <a href=\"https:\/\/www.facebook.com\/USACFacultadDeIngenieria?__cft__[0]=AZXyK8AiTKZX-QFlCNzZO-uBipWRtAszCOaIVI7trwSdi9DxfaBpNuptP9xtsL2oBB8fKAP-RDvlRYGBMByaFpFP9v0UDjnVW0q_DllRwzJuXq4lpSzzW8_zBGTh9PRZBcy-w3ZeKzzoGax2FJvVSTK7bh_OOIfA3Sd54ujX3whrAT9pYWgmY_v3UQvKj1qXt3Y&amp;__tn__=-]K-R\">USAC-Facultad de Ingenier\u00eda<\/a> y de <a href=\"https:\/\/www.facebook.com\/ccqqfar?__cft__[0]=AZXyK8AiTKZX-QFlCNzZO-uBipWRtAszCOaIVI7trwSdi9DxfaBpNuptP9xtsL2oBB8fKAP-RDvlRYGBMByaFpFP9v0UDjnVW0q_DllRwzJuXq4lpSzzW8_zBGTh9PRZBcy-w3ZeKzzoGax2FJvVSTK7bh_OOIfA3Sd54ujX3whrAT9pYWgmY_v3UQvKj1qXt3Y&amp;__tn__=-]K-R\">Facultad de Ciencias Qu\u00edmicas y Farmacia &#8211; USAC<\/a> para futuras colaboraciones.<\/p>\n\n\n\n<p><img loading=\"lazy\" decoding=\"async\" height=\"16\" width=\"16\" alt=\"\ud83d\uddfa\ufe0f\" src=\"https:\/\/static.xx.fbcdn.net\/images\/emoji.php\/v9\/tc8\/1\/16\/1f5fa.png\"> En <a href=\"https:\/\/www.facebook.com\/cooperacionUSAC?__cft__[0]=AZXyK8AiTKZX-QFlCNzZO-uBipWRtAszCOaIVI7trwSdi9DxfaBpNuptP9xtsL2oBB8fKAP-RDvlRYGBMByaFpFP9v0UDjnVW0q_DllRwzJuXq4lpSzzW8_zBGTh9PRZBcy-w3ZeKzzoGax2FJvVSTK7bh_OOIfA3Sd54ujX3whrAT9pYWgmY_v3UQvKj1qXt3Y&amp;__tn__=-]K-R\">Cooperaci\u00f3n y Relaciones Internacionales &#8211; USAC<\/a> somos el puente que vincula a la USAC con distintas instituciones nacionales e internacionales para impulsar la internacionalizaci\u00f3n de la educaci\u00f3n superior.<\/p>\n\n\n\n\n\n<figure class=\"wp-block-gallery has-nested-images columns-default is-cropped wp-block-gallery-1 is-layout-flex wp-block-gallery-is-layout-flex\">\n<figure class=\"wp-block-image size-large\"><img loading=\"lazy\" decoding=\"async\" width=\"1024\" height=\"576\" data-id=\"2506\" src=\"https:\/\/cooperacioninternacional.usac.edu.gt\/wp-content\/uploads\/2024\/10\/464951659_1018250883438600_2902381266505418829_n-1024x576.jpg\" alt=\"\" class=\"wp-image-2506\" srcset=\"https:\/\/cooperacioninternacional.usac.edu.gt\/wp-content\/uploads\/2024\/10\/464951659_1018250883438600_2902381266505418829_n-980x551.jpg 980w, https:\/\/cooperacioninternacional.usac.edu.gt\/wp-content\/uploads\/2024\/10\/464951659_1018250883438600_2902381266505418829_n-480x270.jpg 480w\" sizes=\"(min-width: 0px) and (max-width: 480px) 480px, (min-width: 481px) and (max-width: 980px) 980px, (min-width: 981px) 1024px, 100vw\" \/><\/figure>\n\n\n\n<figure class=\"wp-block-image size-large\"><img loading=\"lazy\" decoding=\"async\" width=\"1024\" height=\"768\" data-id=\"2507\" src=\"https:\/\/cooperacioninternacional.usac.edu.gt\/wp-content\/uploads\/2024\/10\/464953877_1018250846771937_2384471032536163382_n-1024x768.jpg\" alt=\"\" class=\"wp-image-2507\" srcset=\"https:\/\/cooperacioninternacional.usac.edu.gt\/wp-content\/uploads\/2024\/10\/464953877_1018250846771937_2384471032536163382_n-980x735.jpg 980w, https:\/\/cooperacioninternacional.usac.edu.gt\/wp-content\/uploads\/2024\/10\/464953877_1018250846771937_2384471032536163382_n-480x360.jpg 480w\" sizes=\"(min-width: 0px) and (max-width: 480px) 480px, (min-width: 481px) and (max-width: 980px) 980px, (min-width: 981px) 1024px, 100vw\" \/><\/figure>\n\n\n\n<figure class=\"wp-block-image size-large\"><img loading=\"lazy\" decoding=\"async\" width=\"1024\" height=\"576\" data-id=\"2510\" src=\"https:\/\/cooperacioninternacional.usac.edu.gt\/wp-content\/uploads\/2024\/10\/465033927_1018250866771935_2859702903628756740_n-1024x576.jpg\" alt=\"\" class=\"wp-image-2510\" srcset=\"https:\/\/cooperacioninternacional.usac.edu.gt\/wp-content\/uploads\/2024\/10\/465033927_1018250866771935_2859702903628756740_n-980x551.jpg 980w, https:\/\/cooperacioninternacional.usac.edu.gt\/wp-content\/uploads\/2024\/10\/465033927_1018250866771935_2859702903628756740_n-480x270.jpg 480w\" sizes=\"(min-width: 0px) and (max-width: 480px) 480px, (min-width: 481px) and (max-width: 980px) 980px, (min-width: 981px) 1024px, 100vw\" \/><\/figure>\n\n\n\n<figure class=\"wp-block-image size-large\"><img loading=\"lazy\" decoding=\"async\" width=\"1024\" height=\"576\" data-id=\"2509\" src=\"https:\/\/cooperacioninternacional.usac.edu.gt\/wp-content\/uploads\/2024\/10\/465137590_1018250903438598_8915468779915946022_n-1024x576.jpg\" alt=\"\" class=\"wp-image-2509\" srcset=\"https:\/\/cooperacioninternacional.usac.edu.gt\/wp-content\/uploads\/2024\/10\/465137590_1018250903438598_8915468779915946022_n-980x551.jpg 980w, https:\/\/cooperacioninternacional.usac.edu.gt\/wp-content\/uploads\/2024\/10\/465137590_1018250903438598_8915468779915946022_n-480x270.jpg 480w\" sizes=\"(min-width: 0px) and (max-width: 480px) 480px, (min-width: 481px) and (max-width: 980px) 980px, (min-width: 981px) 1024px, 100vw\" \/><\/figure>\n\n\n\n<figure class=\"wp-block-image size-large\"><img loading=\"lazy\" decoding=\"async\" width=\"1024\" height=\"576\" data-id=\"2508\" src=\"https:\/\/cooperacioninternacional.usac.edu.gt\/wp-content\/uploads\/2024\/10\/465141079_1018250893438599_2724704523307117054_n-1024x576.jpg\" alt=\"\" class=\"wp-image-2508\" srcset=\"https:\/\/cooperacioninternacional.usac.edu.gt\/wp-content\/uploads\/2024\/10\/465141079_1018250893438599_2724704523307117054_n-980x551.jpg 980w, https:\/\/cooperacioninternacional.usac.edu.gt\/wp-content\/uploads\/2024\/10\/465141079_1018250893438599_2724704523307117054_n-480x270.jpg 480w\" sizes=\"(min-width: 0px) and (max-width: 480px) 480px, (min-width: 481px) and (max-width: 980px) 980px, (min-width: 981px) 1024px, 100vw\" \/><\/figure>\n<\/figure>\n","protected":false},"excerpt":{"rendered":"<p>Movilidad internacional entrante Hoy la Universidad de San Carlos de Guatemala recibi\u00f3 a la Dra. Aydee Rivera de Parada, Directora de Investigaci\u00f3n y al Lic. Carlos Rodriguez, Coordinador del CATI &#8211; Universidad Evang\u00e9lica de El Salvador en un encuentro con la directora de Direcci\u00f3n General de Investigaci\u00f3n DIGI USAC , Dra. Alice Burgos para intercambiar [&hellip;]<\/p>\n","protected":false},"author":5,"featured_media":2507,"comment_status":"open","ping_status":"open","sticky":false,"template":"","format":"standard","meta":{"_et_pb_use_builder":"off","_et_pb_old_content":"","_et_gb_content_width":"","footnotes":""},"categories":[9],"tags":[],"class_list":["post-2505","post","type-post","status-publish","format-standard","has-post-thumbnail","hentry","category-noticias"],"_links":{"self":[{"href":"https:\/\/cooperacioninternacional.usac.edu.gt\/index.php?rest_route=\/wp\/v2\/posts\/2505","targetHints":{"allow":["GET"]}}],"collection":[{"href":"https:\/\/cooperacioninternacional.usac.edu.gt\/index.php?rest_route=\/wp\/v2\/posts"}],"about":[{"href":"https:\/\/cooperacioninternacional.usac.edu.gt\/index.php?rest_route=\/wp\/v2\/types\/post"}],"author":[{"embeddable":true,"href":"https:\/\/cooperacioninternacional.usac.edu.gt\/index.php?rest_route=\/wp\/v2\/users\/5"}],"replies":[{"embeddable":true,"href":"https:\/\/cooperacioninternacional.usac.edu.gt\/index.php?rest_route=%2Fwp%2Fv2%2Fcomments&post=2505"}],"version-history":[{"count":1,"href":"https:\/\/cooperacioninternacional.usac.edu.gt\/index.php?rest_route=\/wp\/v2\/posts\/2505\/revisions"}],"predecessor-version":[{"id":2511,"href":"https:\/\/cooperacioninternacional.usac.edu.gt\/index.php?rest_route=\/wp\/v2\/posts\/2505\/revisions\/2511"}],"wp:featuredmedia":[{"embeddable":true,"href":"https:\/\/cooperacioninternacional.usac.edu.gt\/index.php?rest_route=\/wp\/v2\/media\/2507"}],"wp:attachment":[{"href":"https:\/\/cooperacioninternacional.usac.edu.gt\/index.php?rest_route=%2Fwp%2Fv2%2Fmedia&parent=2505"}],"wp:term":[{"taxonomy":"category","embeddable":true,"href":"https:\/\/cooperacioninternacional.usac.edu.gt\/index.php?rest_route=%2Fwp%2Fv2%2Fcategories&post=2505"},{"taxonomy":"post_tag","embeddable":true,"href":"https:\/\/cooperacioninternacional.usac.edu.gt\/index.php?rest_route=%2Fwp%2Fv2%2Ftags&post=2505"}],"curies":[{"name":"wp","href":"https:\/\/api.w.org\/{rel}","templated":true}]}}