{"id":2535,"date":"2024-11-04T16:34:23","date_gmt":"2024-11-04T16:34:23","guid":{"rendered":"https:\/\/cooperacioninternacional.usac.edu.gt\/?p=2535"},"modified":"2024-11-04T16:34:25","modified_gmt":"2024-11-04T16:34:25","slug":"oportunidad-de-movilidad-a-la-universidad-de-extremadura-uex-de-espana-a-nivel-de-grado-con-beca-completa","status":"publish","type":"post","link":"https:\/\/cooperacioninternacional.usac.edu.gt\/?p=2535","title":{"rendered":"Oportunidad de movilidad a la Universidad de Extremadura (UEx) de Espa\u00f1a a nivel de grado con BECA COMPLETA"},"content":{"rendered":"\n<p><img loading=\"lazy\" decoding=\"async\" height=\"16\" width=\"16\" alt=\"\u2708\ufe0f\" src=\"https:\/\/static.xx.fbcdn.net\/images\/emoji.php\/v9\/tb6\/1\/16\/2708.png\"><img loading=\"lazy\" decoding=\"async\" height=\"16\" width=\"16\" alt=\"\ud83c\uddea\ud83c\uddf8\" src=\"https:\/\/static.xx.fbcdn.net\/images\/emoji.php\/v9\/t34\/1\/16\/1f1ea_1f1f8.png\"> Oportunidad de movilidad a la <a href=\"https:\/\/www.facebook.com\/universidadextremadura?__cft__[0]=AZUWG8Juc2gLOKSkX7da0XJ9ed77seqnjDUES2SDHRW2tWRQff2NS4i-2T2n6F2RcnyQwGdq3P1hKst1m3WFhG9ZgDIgrASJOhnStCyWiBS6ksLK8kDOroErNfSKP_nI2xNhYFWMKFj53cvxA9JjKUiPQtyDdvSFlonF5etC8jq1yJvapp051N6rQKhbzBcgSm8&amp;__tn__=-]K-R\">Universidad de Extremadura (UEx)<\/a> de Espa\u00f1a a nivel de grado con BECA COMPLETA <img loading=\"lazy\" decoding=\"async\" height=\"16\" width=\"16\" alt=\"\ud83d\ude4c\ud83c\udffb\" src=\"https:\/\/static.xx.fbcdn.net\/images\/emoji.php\/v9\/tb8\/1\/16\/1f64c_1f3fb.png\"><\/p>\n\n\n\n<p><img loading=\"lazy\" decoding=\"async\" height=\"16\" width=\"16\" alt=\"\ud83c\udfeb\" src=\"https:\/\/static.xx.fbcdn.net\/images\/emoji.php\/v9\/t28\/1\/16\/1f3eb.png\"> Aplican a todas las \u00e1reas de oferta la UEx.<\/p>\n\n\n\n<p><img loading=\"lazy\" decoding=\"async\" height=\"16\" width=\"16\" alt=\"\ud83d\uddd3\ufe0f\" src=\"https:\/\/static.xx.fbcdn.net\/images\/emoji.php\/v9\/t5c\/1\/16\/1f5d3.png\"> Fecha l\u00edmite de postulaci\u00f3n: 06 de noviembre<\/p>\n\n\n\n<p><img loading=\"lazy\" decoding=\"async\" height=\"16\" width=\"16\" alt=\"\ud83d\udc40\" src=\"https:\/\/static.xx.fbcdn.net\/images\/emoji.php\/v9\/tc8\/1\/16\/1f440.png\"><a><\/a>M\u00e1s informaci\u00f3n y de cursos:<a href=\"https:\/\/www.unex.es\/organizacion\/servicios-universitarios\/secretariados\/sri\/?fbclid=IwZXh0bgNhZW0CMTAAAR0slVMx-00PWwNYx_RnFE_vBf9qR-IzVfMOkyt0ZS0JBLbNJYC-MDoBvfM_aem_p047YUpIwQMsm-j0BcFTEQ\" rel=\"noreferrer noopener\" target=\"_blank\"> https:\/\/www.unex.es\/organizacion\/servicios-universitarios\/secretariados\/sri<\/a>\/<\/p>\n\n\n\n<p><img loading=\"lazy\" decoding=\"async\" height=\"16\" width=\"16\" alt=\"\ud83d\udc49\ud83c\udffc\" src=\"https:\/\/static.xx.fbcdn.net\/images\/emoji.php\/v9\/t8d\/1\/16\/1f449_1f3fc.png\"> Requisitos en la imagen.<\/p>\n\n\n\n<p><img loading=\"lazy\" decoding=\"async\" height=\"16\" width=\"16\" alt=\"\ud83d\udcc2\" src=\"https:\/\/static.xx.fbcdn.net\/images\/emoji.php\/v9\/tfb\/1\/16\/1f4c2.png\"> Enviar papeler\u00eda al correo: mtmolina_33@hotmail.com<\/p>\n\n\n\n<figure class=\"wp-block-gallery has-nested-images columns-default is-cropped wp-block-gallery-1 is-layout-flex wp-block-gallery-is-layout-flex\">\n<figure class=\"wp-block-image size-large\"><img loading=\"lazy\" decoding=\"async\" width=\"815\" height=\"1024\" data-id=\"2537\" src=\"https:\/\/cooperacioninternacional.usac.edu.gt\/wp-content\/uploads\/2024\/11\/465029191_1018828836714138_6794270557433720558_n-815x1024.jpg\" alt=\"\" class=\"wp-image-2537\"\/><\/figure>\n\n\n\n<figure class=\"wp-block-image size-large\"><img loading=\"lazy\" decoding=\"async\" width=\"909\" height=\"1024\" data-id=\"2536\" src=\"https:\/\/cooperacioninternacional.usac.edu.gt\/wp-content\/uploads\/2024\/11\/465148805_1018828843380804_4838199177696956507_n-909x1024.jpg\" alt=\"\" class=\"wp-image-2536\"\/><\/figure>\n<\/figure>\n","protected":false},"excerpt":{"rendered":"<p>Oportunidad de movilidad a la Universidad de Extremadura (UEx) de Espa\u00f1a a nivel de grado con BECA COMPLETA Aplican a todas las \u00e1reas de oferta la UEx. Fecha l\u00edmite de postulaci\u00f3n: 06 de noviembre M\u00e1s informaci\u00f3n y de cursos: https:\/\/www.unex.es\/organizacion\/servicios-universitarios\/secretariados\/sri\/ Requisitos en la imagen. Enviar papeler\u00eda al correo: mtmolina_33@hotmail.com<\/p>\n","protected":false},"author":5,"featured_media":0,"comment_status":"open","ping_status":"open","sticky":false,"template":"","format":"standard","meta":{"_et_pb_use_builder":"off","_et_pb_old_content":"","_et_gb_content_width":"","footnotes":""},"categories":[37,1],"tags":[],"class_list":["post-2535","post","type-post","status-publish","format-standard","hentry","category-convocatoria-abierta","category-convocatorias"],"_links":{"self":[{"href":"https:\/\/cooperacioninternacional.usac.edu.gt\/index.php?rest_route=\/wp\/v2\/posts\/2535","targetHints":{"allow":["GET"]}}],"collection":[{"href":"https:\/\/cooperacioninternacional.usac.edu.gt\/index.php?rest_route=\/wp\/v2\/posts"}],"about":[{"href":"https:\/\/cooperacioninternacional.usac.edu.gt\/index.php?rest_route=\/wp\/v2\/types\/post"}],"author":[{"embeddable":true,"href":"https:\/\/cooperacioninternacional.usac.edu.gt\/index.php?rest_route=\/wp\/v2\/users\/5"}],"replies":[{"embeddable":true,"href":"https:\/\/cooperacioninternacional.usac.edu.gt\/index.php?rest_route=%2Fwp%2Fv2%2Fcomments&post=2535"}],"version-history":[{"count":1,"href":"https:\/\/cooperacioninternacional.usac.edu.gt\/index.php?rest_route=\/wp\/v2\/posts\/2535\/revisions"}],"predecessor-version":[{"id":2538,"href":"https:\/\/cooperacioninternacional.usac.edu.gt\/index.php?rest_route=\/wp\/v2\/posts\/2535\/revisions\/2538"}],"wp:attachment":[{"href":"https:\/\/cooperacioninternacional.usac.edu.gt\/index.php?rest_route=%2Fwp%2Fv2%2Fmedia&parent=2535"}],"wp:term":[{"taxonomy":"category","embeddable":true,"href":"https:\/\/cooperacioninternacional.usac.edu.gt\/index.php?rest_route=%2Fwp%2Fv2%2Fcategories&post=2535"},{"taxonomy":"post_tag","embeddable":true,"href":"https:\/\/cooperacioninternacional.usac.edu.gt\/index.php?rest_route=%2Fwp%2Fv2%2Ftags&post=2535"}],"curies":[{"name":"wp","href":"https:\/\/api.w.org\/{rel}","templated":true}]}}