{"id":2539,"date":"2024-11-04T16:35:49","date_gmt":"2024-11-04T16:35:49","guid":{"rendered":"https:\/\/cooperacioninternacional.usac.edu.gt\/?p=2539"},"modified":"2024-11-04T16:35:52","modified_gmt":"2024-11-04T16:35:52","slug":"reconocimiento-en-estonia-en-el-concurso-ciencia-en-3-minutos-para-lucia-mariel","status":"publish","type":"post","link":"https:\/\/cooperacioninternacional.usac.edu.gt\/?p=2539","title":{"rendered":"Reconocimiento en Estonia en el concurso \u00abCiencia en 3 minutos\u00bb para Lucia Mariel"},"content":{"rendered":"\n<p>.<\/p>\n\n\n\n<p><img loading=\"lazy\" decoding=\"async\" height=\"16\" width=\"16\" alt=\"\ud83c\uddec\ud83c\uddf9\" src=\"https:\/\/static.xx.fbcdn.net\/images\/emoji.php\/v9\/t37\/1\/16\/1f1ec_1f1f9.png\"><img loading=\"lazy\" decoding=\"async\" height=\"16\" width=\"16\" alt=\"\ud83c\uddea\ud83c\uddea\" src=\"https:\/\/static.xx.fbcdn.net\/images\/emoji.php\/v9\/t3e\/1\/16\/1f1ea_1f1ea.png\"><a href=\"https:\/\/www.facebook.com\/hashtag\/orgullosancarlista?__eep__=6&amp;__cft__[0]=AZW0WWV4k61dkDtLPHtpAJ_P8nkD6p5A85JpOBzObqMkOk65E5I-bA0809qgPehh1Yn9rgsTrLqPTbNiGKt66khLEdutilC3MVTj4cfhksHe5wLW7cxQqqGVcp4tA8r7emsUaOFXLLdagJNx4_ujcBOZj3N9xkZ7Ho60AVXoJ25qtHpmo958WnUYQgrAUw-ERsA&amp;__tn__=*NK-R\">#orgullosancarlista<\/a> Felicidades a Lucia Mariel , egresada de la <a href=\"https:\/\/www.facebook.com\/UsacOficial?__cft__[0]=AZW0WWV4k61dkDtLPHtpAJ_P8nkD6p5A85JpOBzObqMkOk65E5I-bA0809qgPehh1Yn9rgsTrLqPTbNiGKt66khLEdutilC3MVTj4cfhksHe5wLW7cxQqqGVcp4tA8r7emsUaOFXLLdagJNx4_ujcBOZj3N9xkZ7Ho60AVXoJ25qtHpmo958WnUYQgrAUw-ERsA&amp;__tn__=-]K-R\">Universidad de San Carlos de Guatemala<\/a> por su m\u00e1s reciente reconocimiento en Estonia en el concurso \u00abCiencia en 3 minutos\u00bb <img loading=\"lazy\" decoding=\"async\" height=\"16\" width=\"16\" alt=\"\ud83e\udd47\" src=\"https:\/\/static.xx.fbcdn.net\/images\/emoji.php\/v9\/t94\/1\/16\/1f947.png\">.<\/p>\n\n\n\n<p><img loading=\"lazy\" decoding=\"async\" height=\"16\" width=\"16\" alt=\"\ud83d\ude4b\ud83c\udffb\u200d\u2640\ufe0f\" src=\"https:\/\/static.xx.fbcdn.net\/images\/emoji.php\/v9\/t65\/1\/16\/1f64b_1f3fb_200d_2640.png\"><img loading=\"lazy\" decoding=\"async\" height=\"16\" width=\"16\" alt=\"\ud83d\udc9c\" src=\"https:\/\/static.xx.fbcdn.net\/images\/emoji.php\/v9\/t96\/1\/16\/1f49c.png\"> Adicional, la Dra. Arana, es la primera mujer f\u00edsica m\u00e9dica de Guatemala. En <a href=\"https:\/\/www.facebook.com\/cooperacionUSAC?__cft__[0]=AZW0WWV4k61dkDtLPHtpAJ_P8nkD6p5A85JpOBzObqMkOk65E5I-bA0809qgPehh1Yn9rgsTrLqPTbNiGKt66khLEdutilC3MVTj4cfhksHe5wLW7cxQqqGVcp4tA8r7emsUaOFXLLdagJNx4_ujcBOZj3N9xkZ7Ho60AVXoJ25qtHpmo958WnUYQgrAUw-ERsA&amp;__tn__=-]K-R\">Cooperaci\u00f3n y Relaciones Internacionales &#8211; USAC<\/a> nos sentimos orgullosas por sus logros, que visibilizan a Guatemala a nivel de educaci\u00f3n superior, sus conocimientos aportan al desarrollo del mundo.<\/p>\n\n\n\n<figure class=\"wp-block-image size-large\"><img loading=\"lazy\" decoding=\"async\" width=\"1024\" height=\"1024\" src=\"https:\/\/cooperacioninternacional.usac.edu.gt\/wp-content\/uploads\/2024\/11\/465169988_1019515926645429_9101211044602517422_n-1024x1024.jpg\" alt=\"\" class=\"wp-image-2540\" srcset=\"https:\/\/cooperacioninternacional.usac.edu.gt\/wp-content\/uploads\/2024\/11\/465169988_1019515926645429_9101211044602517422_n-1024x1024.jpg 1024w, https:\/\/cooperacioninternacional.usac.edu.gt\/wp-content\/uploads\/2024\/11\/465169988_1019515926645429_9101211044602517422_n-980x980.jpg 980w, https:\/\/cooperacioninternacional.usac.edu.gt\/wp-content\/uploads\/2024\/11\/465169988_1019515926645429_9101211044602517422_n-480x480.jpg 480w\" sizes=\"(min-width: 0px) and (max-width: 480px) 480px, (min-width: 481px) and (max-width: 980px) 980px, (min-width: 981px) 1024px, 100vw\" \/><\/figure>\n","protected":false},"excerpt":{"rendered":"<p>. #orgullosancarlista Felicidades a Lucia Mariel , egresada de la Universidad de San Carlos de Guatemala por su m\u00e1s reciente reconocimiento en Estonia en el concurso \u00abCiencia en 3 minutos\u00bb . Adicional, la Dra. Arana, es la primera mujer f\u00edsica m\u00e9dica de Guatemala. En Cooperaci\u00f3n y Relaciones Internacionales &#8211; USAC nos sentimos orgullosas por sus [&hellip;]<\/p>\n","protected":false},"author":5,"featured_media":0,"comment_status":"open","ping_status":"open","sticky":false,"template":"","format":"standard","meta":{"_et_pb_use_builder":"off","_et_pb_old_content":"","_et_gb_content_width":"","footnotes":""},"categories":[9],"tags":[],"class_list":["post-2539","post","type-post","status-publish","format-standard","hentry","category-noticias"],"_links":{"self":[{"href":"https:\/\/cooperacioninternacional.usac.edu.gt\/index.php?rest_route=\/wp\/v2\/posts\/2539","targetHints":{"allow":["GET"]}}],"collection":[{"href":"https:\/\/cooperacioninternacional.usac.edu.gt\/index.php?rest_route=\/wp\/v2\/posts"}],"about":[{"href":"https:\/\/cooperacioninternacional.usac.edu.gt\/index.php?rest_route=\/wp\/v2\/types\/post"}],"author":[{"embeddable":true,"href":"https:\/\/cooperacioninternacional.usac.edu.gt\/index.php?rest_route=\/wp\/v2\/users\/5"}],"replies":[{"embeddable":true,"href":"https:\/\/cooperacioninternacional.usac.edu.gt\/index.php?rest_route=%2Fwp%2Fv2%2Fcomments&post=2539"}],"version-history":[{"count":1,"href":"https:\/\/cooperacioninternacional.usac.edu.gt\/index.php?rest_route=\/wp\/v2\/posts\/2539\/revisions"}],"predecessor-version":[{"id":2541,"href":"https:\/\/cooperacioninternacional.usac.edu.gt\/index.php?rest_route=\/wp\/v2\/posts\/2539\/revisions\/2541"}],"wp:attachment":[{"href":"https:\/\/cooperacioninternacional.usac.edu.gt\/index.php?rest_route=%2Fwp%2Fv2%2Fmedia&parent=2539"}],"wp:term":[{"taxonomy":"category","embeddable":true,"href":"https:\/\/cooperacioninternacional.usac.edu.gt\/index.php?rest_route=%2Fwp%2Fv2%2Fcategories&post=2539"},{"taxonomy":"post_tag","embeddable":true,"href":"https:\/\/cooperacioninternacional.usac.edu.gt\/index.php?rest_route=%2Fwp%2Fv2%2Ftags&post=2539"}],"curies":[{"name":"wp","href":"https:\/\/api.w.org\/{rel}","templated":true}]}}